{"id":173982,"date":"2025-12-03T09:18:09","date_gmt":"2025-12-03T09:18:09","guid":{"rendered":"https:\/\/www.europesays.com\/pt\/173982\/"},"modified":"2025-12-03T09:18:09","modified_gmt":"2025-12-03T09:18:09","slug":"nunca-mais-estive-com-o-meu-afilhado","status":"publish","type":"post","link":"https:\/\/www.europesays.com\/pt\/173982\/","title":{"rendered":"\u201cNunca mais estive com o meu afilhado\u201d"},"content":{"rendered":"<p>Fora do<a href=\"https:\/\/tvi.iol.pt\/secretstory\" rel=\"nofollow noopener\" target=\"_blank\"> Secret Story<\/a>, Madrinha do filho de Pedro Jorge e Marisa faz revela\u00e7\u00e3o bomb\u00e1stica: \u201cNunca mais estive com o meu afilhado\u201d, disse.<\/p>\n<p>Orlanda Mendes denuncia afastamento inesperado<\/p>\n<p>A madrinha de Th\u00e9o, o filho mais novo de Pedro Jorge e Marisa, revelou estar impossibilitada de ver o afilhado desde que come\u00e7ou a nova edi\u00e7\u00e3o da Casa dos Segredos. A situa\u00e7\u00e3o, segundo afirma, arrasta-se desde setembro e tem-lhe causado grande frustra\u00e7\u00e3o.<\/p>\n<p>Em declara\u00e7\u00f5es \u00e0 TV 7 Dias, Orlanda Mendes contou que o contacto com o menino desapareceu por completo ap\u00f3s a entrada do casal no reality show da TVI. <strong>\u201cDesde que a \u2018Casa dos Segredos 9\u2019 come\u00e7ou que nunca mais estive com eles. Encontrei-os uma vez casualmente no \u2018shopping\u2019\u201d<\/strong>, relatou.<\/p>\n<p>\u201cDuas tentativas falhadas\u201d: madrinha acusa m\u00e3e de Pedro Jorge<\/p>\n<p>Al\u00e9m disso, a madrinha afirma que tentou por duas vezes estar com Th\u00e9o atrav\u00e9s da av\u00f3 paterna, Regina Geraldes, mas sem sucesso. <strong>\u201cJ\u00e1 fiz duas tentativas com a av\u00f3, a m\u00e3e do Pedro, para estar com o meu afilhado\u201d<\/strong>, disse, revelando que todas as tentativas ficaram por concretizar.<\/p>\n<p>Segundo Orlanda Mendes, Regina Geraldes justificou sempre a impossibilidade de marcar o encontro com compromissos e uma rotina r\u00edgida. <strong>\u201cDuas tentativas at\u00e9 agora falhadas. Ela tem uma agenda muito preenchida, segundo o que me respondeu. A senhora respondeu-me que planeia com anteced\u00eancia a vida dela e que tem de dar um dia, uma hora. E eu estou \u00e0 espera do dia e da hora que ela possa\u201d<\/strong>, rematou.<\/p>\n<p>Leia tamb\u00e9m: <a href=\"https:\/\/infocul.pt\/sondagem-secret-story-bruna-liliana-marisa-e-pedro-em-risco-quem-deve-ser-salvo\/\" rel=\"nofollow noopener\" target=\"_blank\">Sondagem Secret Story: Bruna, Liliana, Marisa e Pedro em risco, quem deve ser salvo?<\/a><\/p>\n<p><a href=\"https:\/\/news.google.com\/publications\/CAAqBwgKMKfIoAswtNK4Aw\" target=\"_blank\" rel=\"noopener noreferrer nofollow\"><img loading=\"lazy\" data-lazyloaded=\"1\" width=\"481\" height=\"161\" decoding=\"async\" src=\"\/wp-content\/uploads\/2024\/02\/GN_siganos.png\" alt=\"Siga-nos no Google News\" style=\"margin-top:20px;\"\/><\/a><\/p>\n","protected":false},"excerpt":{"rendered":"Fora do Secret Story, Madrinha do filho de Pedro Jorge e Marisa faz revela\u00e7\u00e3o bomb\u00e1stica: \u201cNunca mais estive&hellip;\n","protected":false},"author":2,"featured_media":99409,"comment_status":"","ping_status":"","sticky":false,"template":"","format":"standard","meta":{"footnotes":""},"categories":[142],"tags":[2632,114,115,21766,21416,32,33,151],"class_list":{"0":"post-173982","1":"post","2":"type-post","3":"status-publish","4":"format-standard","5":"has-post-thumbnail","7":"category-tv","8":"tag-casa-dos-segredos","9":"tag-entertainment","10":"tag-entretenimento","11":"tag-marisa-pires","12":"tag-pedro-jorge","13":"tag-portugal","14":"tag-pt","15":"tag-tv"},"share_on_mastodon":{"url":"https:\/\/pubeurope.com\/@pt\/115654892575702945","error":""},"_links":{"self":[{"href":"https:\/\/www.europesays.com\/pt\/wp-json\/wp\/v2\/posts\/173982","targetHints":{"allow":["GET"]}}],"collection":[{"href":"https:\/\/www.europesays.com\/pt\/wp-json\/wp\/v2\/posts"}],"about":[{"href":"https:\/\/www.europesays.com\/pt\/wp-json\/wp\/v2\/types\/post"}],"author":[{"embeddable":true,"href":"https:\/\/www.europesays.com\/pt\/wp-json\/wp\/v2\/users\/2"}],"replies":[{"embeddable":true,"href":"https:\/\/www.europesays.com\/pt\/wp-json\/wp\/v2\/comments?post=173982"}],"version-history":[{"count":0,"href":"https:\/\/www.europesays.com\/pt\/wp-json\/wp\/v2\/posts\/173982\/revisions"}],"wp:featuredmedia":[{"embeddable":true,"href":"https:\/\/www.europesays.com\/pt\/wp-json\/wp\/v2\/media\/99409"}],"wp:attachment":[{"href":"https:\/\/www.europesays.com\/pt\/wp-json\/wp\/v2\/media?parent=173982"}],"wp:term":[{"taxonomy":"category","embeddable":true,"href":"https:\/\/www.europesays.com\/pt\/wp-json\/wp\/v2\/categories?post=173982"},{"taxonomy":"post_tag","embeddable":true,"href":"https:\/\/www.europesays.com\/pt\/wp-json\/wp\/v2\/tags?post=173982"}],"curies":[{"name":"wp","href":"https:\/\/api.w.org\/{rel}","templated":true}]}}