{"id":174003,"date":"2025-12-03T09:51:11","date_gmt":"2025-12-03T09:51:11","guid":{"rendered":"https:\/\/www.europesays.com\/pt\/174003\/"},"modified":"2025-12-03T09:51:11","modified_gmt":"2025-12-03T09:51:11","slug":"marcos-pasquim-muda-de-ideia-sobre-monogamia-veja-o-que-ele-falou","status":"publish","type":"post","link":"https:\/\/www.europesays.com\/pt\/174003\/","title":{"rendered":"Marcos Pasquim muda de ideia sobre monogamia; veja o que ele falou"},"content":{"rendered":"\n<p>O ator Marcos Pasquim, de 56 anos, comentou nesta ter\u00e7a-feira, 2, que mudou de ideia sobre a monogamia.<\/p>\n<p>Em 2015, Marcos Pasquim concedeu uma declara\u00e7\u00e3o \u00e0 imprensa afirmando que n\u00e3o acreditava nesse modelo de relacionamento. Agora, em participa\u00e7\u00e3o no Encontro (Globo), afirmou que passou a pensar diferente e que a institui\u00e7\u00e3o do &#8216;casal&#8217; precisa ser preservada.<\/p>\n<p>\u201cAgora eu retiro o que eu disse. Hoje em dia acho que a gente tem que tentar manter a lealdade, a monogamia, o m\u00e1ximo poss\u00edvel. Apesar das facilidades que temos hoje, da globaliza\u00e7\u00e3o, da tecnologia, dos gadgets de relacionamento, est\u00e1 mais dif\u00edcil [continuar monog\u00e2mico]\u201d, afirmou ele durante a atra\u00e7\u00e3o, ao lado de Dudu Nobre e de Patr\u00edcia Poeta.<\/p>\n<p>Ao falar sobre o motivo da mudan\u00e7a de pensamento, o ator da Globo citou a import\u00e2ncia da manuten\u00e7\u00e3o da rela\u00e7\u00e3o e o namoro com a produtora Karla Nogueira, com quem est\u00e1 desde julho de 2021. \u201cHoje em dia eu acredito em monogamia. Reconquistar todo dia exige muita criatividade. Rir junto, se divertir junto, viajar, fazer coisas diferentes, n\u00e3o ficar apenas dentro de casa. Estou namorando e pretendo casar\u201d, declarou.<\/p>\n<p>A plateia reagiu com entusiasmo, e Patr\u00edcia se viu na responsabilidade de perguntar se o casal j\u00e1 pensa em uma data. O ator, ent\u00e3o, tratou de acalmar os \u00e2nimos: \u201cN\u00e3o sei ainda, n\u00e3o for\u00e7a. Quando a gente vai ao cinema, vai jantar, a gente procura estar sempre em movimento na rela\u00e7\u00e3o\u201d.<\/p>\n<p>Durante o programa, o ator tamb\u00e9m falou sobre o retorno \u00e0s novelas. No momento, ele vive Ricardo em Dona de Mim (Globo), ap\u00f3s seis anos afastado. \u201cEu amo novela, \u00e9 uma obra aberta, trabalho todos os dias, \u00e9 tudo mais din\u00e2mico. Adorei voltar depois de seis anos, poder trabalhar com Tony Ramos, com quem eu ainda n\u00e3o tinha trabalhado. Foi uma escola estar com ele, rever amigos, \u00e9 uma del\u00edcia\u201d, afirmou.<\/p>\n<p>Por fim, Marcos Pasquim comentou sobre o envelhecimento e como lida com essa quest\u00e3o: \u201cHoje eu estou com a cabe\u00e7a de 14 anos. O que vai envelhecer \u00e9 o corpo; a gente n\u00e3o pode envelhecer a mente. Eu fa\u00e7o o poss\u00edvel para isso n\u00e3o acontecer: me cuido, durmo bem, bebo \u00e1gua. Afinal, nosso corpo \u00e9 nosso material de trabalho, e temos que cuidar bem dele\u201d.<\/p>\n","protected":false},"excerpt":{"rendered":"O ator Marcos Pasquim, de 56 anos, comentou nesta ter\u00e7a-feira, 2, que mudou de ideia sobre a monogamia.&hellip;\n","protected":false},"author":2,"featured_media":174004,"comment_status":"","ping_status":"","sticky":false,"template":"","format":"standard","meta":{"footnotes":""},"categories":[145],"tags":[1467,1651,36262,211,210,5894,1718,114,115,741,1490,28707,753,36264,36261,9556,8736,36263,1017,23800,32,3786,33,1978,110,6463],"class_list":{"0":"post-174003","1":"post","2":"type-post","3":"status-publish","4":"format-standard","5":"has-post-thumbnail","7":"category-celebridades","8":"tag-agua","9":"tag-casal","10":"tag-casar","11":"tag-celebridades","12":"tag-celebrities","13":"tag-cuidado","14":"tag-dona-de-mim","15":"tag-entertainment","16":"tag-entretenimento","17":"tag-entrevista","18":"tag-envelhecimento","19":"tag-globalizacao","20":"tag-globo","21":"tag-karla-nogueira","22":"tag-lealdade","23":"tag-marcos-pasquim","24":"tag-mente","25":"tag-monogamia","26":"tag-namoro","27":"tag-plateia","28":"tag-portugal","29":"tag-programa","30":"tag-pt","31":"tag-relacionamento","32":"tag-tecnologia","33":"tag-tony-ramos"},"share_on_mastodon":{"url":"https:\/\/pubeurope.com\/@pt\/115655021895067429","error":""},"_links":{"self":[{"href":"https:\/\/www.europesays.com\/pt\/wp-json\/wp\/v2\/posts\/174003","targetHints":{"allow":["GET"]}}],"collection":[{"href":"https:\/\/www.europesays.com\/pt\/wp-json\/wp\/v2\/posts"}],"about":[{"href":"https:\/\/www.europesays.com\/pt\/wp-json\/wp\/v2\/types\/post"}],"author":[{"embeddable":true,"href":"https:\/\/www.europesays.com\/pt\/wp-json\/wp\/v2\/users\/2"}],"replies":[{"embeddable":true,"href":"https:\/\/www.europesays.com\/pt\/wp-json\/wp\/v2\/comments?post=174003"}],"version-history":[{"count":0,"href":"https:\/\/www.europesays.com\/pt\/wp-json\/wp\/v2\/posts\/174003\/revisions"}],"wp:featuredmedia":[{"embeddable":true,"href":"https:\/\/www.europesays.com\/pt\/wp-json\/wp\/v2\/media\/174004"}],"wp:attachment":[{"href":"https:\/\/www.europesays.com\/pt\/wp-json\/wp\/v2\/media?parent=174003"}],"wp:term":[{"taxonomy":"category","embeddable":true,"href":"https:\/\/www.europesays.com\/pt\/wp-json\/wp\/v2\/categories?post=174003"},{"taxonomy":"post_tag","embeddable":true,"href":"https:\/\/www.europesays.com\/pt\/wp-json\/wp\/v2\/tags?post=174003"}],"curies":[{"name":"wp","href":"https:\/\/api.w.org\/{rel}","templated":true}]}}