{"id":174005,"date":"2025-12-03T09:54:16","date_gmt":"2025-12-03T09:54:16","guid":{"rendered":"https:\/\/www.europesays.com\/pt\/174005\/"},"modified":"2025-12-03T09:54:16","modified_gmt":"2025-12-03T09:54:16","slug":"irma-de-fabio-reprova-atitude-do-concorrente-mantem-se-bastante-cego-por-amor-secret-story","status":"publish","type":"post","link":"https:\/\/www.europesays.com\/pt\/174005\/","title":{"rendered":"Irm\u00e3 de F\u00e1bio reprova atitude do concorrente: \u00abMant\u00e9m-se bastante cego por amor\u00bb &#8211; Secret Story"},"content":{"rendered":"<p>Nos bastidores da \u00faltima gala do\u00a0<strong>Secret Story 9<\/strong>, a rep\u00f3rter da TVI Carolina Steffensen esteve \u00e0 conversa com a irm\u00e3 de F\u00e1bio, Vanessa. Esta n\u00e3o concorda quando o irm\u00e3o se mostra capaz de abdicar do pr\u00e9mio final por Liliana, sentindo que o concorrente est\u00e1 cego por amor. Vanessa afirma que o irm\u00e3 se devia focar no jogo e n\u00e3o tanto na rela\u00e7\u00e3o, pois tem tempo para isso c\u00e1 fora.<\/p>\n<p>Esta semana, quatro concorrentes est\u00e3o nomeados e em risco de expuls\u00e3o. <strong>Pode votar na APP oficial do TVI reality ou atrav\u00e9s das linhas telef\u00f3nicas<\/strong>.<\/p>\n<p><strong>VOTE PARA SALVAR:<\/strong><\/p>\n<p><strong>BRUNA\u00a0 \u2013\u00a0 761 20 20 03<br \/>LILIANA\u00a0 \u2013\u00a0 761 20 20 14<br \/>MARISA\u00a0 \u2013\u00a0 761 20 20 16<br \/>PEDRO\u00a0 \u2013\u00a0 761 20 20 18<\/strong><\/p>\n<p><strong><a href=\"https:\/\/tvi.iol.pt\/secretstory\/aominuto\" rel=\"nofollow noopener\" target=\"_blank\">Acompanhe aqui tudo o que se passa no Secret Story 9<\/a><\/strong><\/p>\n","protected":false},"excerpt":{"rendered":"Nos bastidores da \u00faltima gala do\u00a0Secret Story 9, a rep\u00f3rter da TVI Carolina Steffensen esteve \u00e0 conversa com&hellip;\n","protected":false},"author":2,"featured_media":174006,"comment_status":"","ping_status":"","sticky":false,"template":"","format":"standard","meta":{"footnotes":""},"categories":[142],"tags":[114,115,19082,19033,19034,32,33,151,19032],"class_list":{"0":"post-174005","1":"post","2":"type-post","3":"status-publish","4":"format-standard","5":"has-post-thumbnail","7":"category-tv","8":"tag-entertainment","9":"tag-entretenimento","10":"tag-fabio","11":"tag-galas-em-video","12":"tag-melhores-momentos-casa-dos-segredos","13":"tag-portugal","14":"tag-pt","15":"tag-tv","16":"tag-videos-secret-story-tvi"},"share_on_mastodon":{"url":"https:\/\/pubeurope.com\/@pt\/115655033689951461","error":""},"_links":{"self":[{"href":"https:\/\/www.europesays.com\/pt\/wp-json\/wp\/v2\/posts\/174005","targetHints":{"allow":["GET"]}}],"collection":[{"href":"https:\/\/www.europesays.com\/pt\/wp-json\/wp\/v2\/posts"}],"about":[{"href":"https:\/\/www.europesays.com\/pt\/wp-json\/wp\/v2\/types\/post"}],"author":[{"embeddable":true,"href":"https:\/\/www.europesays.com\/pt\/wp-json\/wp\/v2\/users\/2"}],"replies":[{"embeddable":true,"href":"https:\/\/www.europesays.com\/pt\/wp-json\/wp\/v2\/comments?post=174005"}],"version-history":[{"count":0,"href":"https:\/\/www.europesays.com\/pt\/wp-json\/wp\/v2\/posts\/174005\/revisions"}],"wp:featuredmedia":[{"embeddable":true,"href":"https:\/\/www.europesays.com\/pt\/wp-json\/wp\/v2\/media\/174006"}],"wp:attachment":[{"href":"https:\/\/www.europesays.com\/pt\/wp-json\/wp\/v2\/media?parent=174005"}],"wp:term":[{"taxonomy":"category","embeddable":true,"href":"https:\/\/www.europesays.com\/pt\/wp-json\/wp\/v2\/categories?post=174005"},{"taxonomy":"post_tag","embeddable":true,"href":"https:\/\/www.europesays.com\/pt\/wp-json\/wp\/v2\/tags?post=174005"}],"curies":[{"name":"wp","href":"https:\/\/api.w.org\/{rel}","templated":true}]}}