{"id":174009,"date":"2025-12-03T09:59:19","date_gmt":"2025-12-03T09:59:19","guid":{"rendered":"https:\/\/www.europesays.com\/pt\/174009\/"},"modified":"2025-12-03T09:59:19","modified_gmt":"2025-12-03T09:59:19","slug":"jose-raposo-faz-revelacao-emocionante-sobre-o-passado-quando-eu-e-a-joao-nos-separamos-fiquei-8-meses-novelas","status":"publish","type":"post","link":"https:\/\/www.europesays.com\/pt\/174009\/","title":{"rendered":"Jos\u00e9 Raposo faz revela\u00e7\u00e3o emocionante sobre o passado: \u00abQuando eu e a Jo\u00e3o nos separ\u00e1mos fiquei 8 meses&#8230;\u00bb &#8211; Novelas"},"content":{"rendered":"<p><strong><a href=\"https:\/\/tvi.iol.pt\/novelas\/sara-barradas\/jose-raposo\/e-tao-justo-a-declaracao-de-amor-de-jose-raposo-a-sara-barradas-esta-a-comover-o-pais\" target=\"_blank\" wbo-id=\"49\" rel=\"nofollow noopener\">Jos\u00e9 Raposo<\/a>\u00a0<\/strong>partilhou, nas redes sociais, uma das homenagens mais emotivas dos \u00faltimos tempos, ap\u00f3s a morte de algu\u00e9m que descreve como \u00abo Meninho, a pessoa mais \u00edntegra\u00bb que conheceu. O ator abriu o cora\u00e7\u00e3o para recordar uma figura marcante na sua vida (<a href=\"https:\/\/tvi.iol.pt\/novelas\/almeno-goncalves\/morte\/morreu-o-ator-almeno-goncalves\" rel=\"nofollow noopener\" target=\"_blank\"><strong>Almeno Gon\u00e7alves<\/strong><\/a>) e na vida de tantos outros, deixando claro que esta <strong>perda <\/strong>\u00e9 sentida muito para al\u00e9m do c\u00edrculo \u00edntimo.<\/p>\n<blockquote class=\"instagram-media\" data-instgrm-captioned=\"\" data-instgrm-permalink=\"https:\/\/www.instagram.com\/p\/DRs0lyXCDli\/?utm_source=ig_embed&amp;utm_campaign=loading\" data-instgrm-version=\"14\" style=\" background:#FFF; border:0; border-radius:3px; box-shadow:0 0 1px 0 rgba(0,0,0,0.5),0 1px 10px 0 rgba(0,0,0,0.15); margin: 1px; max-width:540px; min-width:326px; padding:0; width:99.375%; width:-webkit-calc(100% - 2px); width:calc(100% - 2px);\">\n<\/blockquote>\n<p>Na longa mensagem, o ator fala de um<strong> homem de enorme humanidade<\/strong>, \u00aba candura em pessoa\u00bb, com uma forma \u00fanica de estar no mundo. Natural de Braga, dono de uma voz sincera, cheia de gargalhada e autenticidade, era algu\u00e9m que espalhava amor sem esfor\u00e7o e que, com a sua intelig\u00eancia simples e justa, tocava quem se cruzava com ele. Ao lado da sua companheira, Patr\u00edcia (apelidada carinhosamente de \u00aba sua Patti Smith\u00bb) formava uma das duplas mais c\u00famplices e verdadeiras do panorama art\u00edstico.<\/p>\n<p>O ator recorda ainda a generosidade inesquec\u00edvel do amigo, revelando um dos momentos mais marcantes da sua amizade:<strong> \u00abQuando eu e a Jo\u00e3o nos separ\u00e1mos fiquei 8 meses\u00bb<\/strong> na casa daquele que descreve como um ser solid\u00e1rio e luminoso. Um gesto que, segundo Raposo, diz tudo sobre a natureza bondosa e acolhedora daquele que agora parte, deixando um vazio dif\u00edcil de explicar.<\/p>\n<p>A homenagem emocionou seguidores e colegas de profiss\u00e3o, que rapidamente encheram a publica\u00e7\u00e3o de palavras de carinho. <strong>Joana Seixas<\/strong> reagiu com um sentido: \u00ab\u2764\ufe0f\u2764\ufe0f que bonito Z\u00e9\u00bb. J\u00e1 outro coment\u00e1rio, igualmente comovente, resume o sentimento comum: \u00ab\ud83d\ude22 o nosso Meno era tudo isso e mais um pouco! Vai ser dif\u00edcil\/ est\u00e1 a ser dif\u00edcil conviver com o vazio deixado por ele\u00bb.<\/p>\n<p>Entre tristeza e gratid\u00e3o, Jos\u00e9 Raposo despede-se com a promessa de manter viva a mem\u00f3ria daquele que descreve como um dos grandes amores da sua vida de amizade. \u00abAt\u00e9 j\u00e1, Meninho \u2764\ufe0f\u00bb, termina, num adeus que \u00e9 tamb\u00e9m um abra\u00e7o eterno.<\/p>\n<p>O ator\u00a0<strong>Almeno Gon\u00e7alves morreu\u00a0<\/strong>na madrugada de dia 27 de novembro de 2025, v\u00edtima de\u00a0um\u00a0<strong>cancro no c\u00f3lon\u00a0<\/strong>que se revelou fulminante. O ator participou em v\u00e1rios projetos da TVI como \u00abBelmonte\u00bb, \u00abSanta B\u00e1rbara\u00bb e \u00abRua das Flores\u00bb:<br \/>\u00a0<\/p>\n<p>                        <script async src=\"\/\/www.instagram.com\/embed.js\"><\/script><\/p>\n","protected":false},"excerpt":{"rendered":"Jos\u00e9 Raposo\u00a0partilhou, nas redes sociais, uma das homenagens mais emotivas dos \u00faltimos tempos, ap\u00f3s a morte de algu\u00e9m&hellip;\n","protected":false},"author":2,"featured_media":174010,"comment_status":"","ping_status":"","sticky":false,"template":"","format":"standard","meta":{"footnotes":""},"categories":[85],"tags":[15263,160,166,114,115,157,167,164,10266,20562,1437,161,158,165,159,32,33,156,163,162],"class_list":{"0":"post-174009","1":"post","2":"type-post","3":"status-publish","4":"format-standard","5":"has-post-thumbnail","7":"category-entretenimento","8":"tag-almeno-goncalves","9":"tag-ana-guiomar","10":"tag-cristina-ferreira","11":"tag-entertainment","12":"tag-entretenimento","13":"tag-festa-e-festa","14":"tag-ficcao","15":"tag-jose-fidalgo","16":"tag-jose-raposo","17":"tag-maria-joao-abreu","18":"tag-morte","19":"tag-novelas","20":"tag-para-sempre","21":"tag-pedro-sousa","22":"tag-pedro-teixeira","23":"tag-portugal","24":"tag-pt","25":"tag-queridos-papas","26":"tag-tiago-teotonio-pereira","27":"tag-tvi"},"share_on_mastodon":{"url":"https:\/\/pubeurope.com\/@pt\/115655053421883911","error":""},"_links":{"self":[{"href":"https:\/\/www.europesays.com\/pt\/wp-json\/wp\/v2\/posts\/174009","targetHints":{"allow":["GET"]}}],"collection":[{"href":"https:\/\/www.europesays.com\/pt\/wp-json\/wp\/v2\/posts"}],"about":[{"href":"https:\/\/www.europesays.com\/pt\/wp-json\/wp\/v2\/types\/post"}],"author":[{"embeddable":true,"href":"https:\/\/www.europesays.com\/pt\/wp-json\/wp\/v2\/users\/2"}],"replies":[{"embeddable":true,"href":"https:\/\/www.europesays.com\/pt\/wp-json\/wp\/v2\/comments?post=174009"}],"version-history":[{"count":0,"href":"https:\/\/www.europesays.com\/pt\/wp-json\/wp\/v2\/posts\/174009\/revisions"}],"wp:featuredmedia":[{"embeddable":true,"href":"https:\/\/www.europesays.com\/pt\/wp-json\/wp\/v2\/media\/174010"}],"wp:attachment":[{"href":"https:\/\/www.europesays.com\/pt\/wp-json\/wp\/v2\/media?parent=174009"}],"wp:term":[{"taxonomy":"category","embeddable":true,"href":"https:\/\/www.europesays.com\/pt\/wp-json\/wp\/v2\/categories?post=174009"},{"taxonomy":"post_tag","embeddable":true,"href":"https:\/\/www.europesays.com\/pt\/wp-json\/wp\/v2\/tags?post=174009"}],"curies":[{"name":"wp","href":"https:\/\/api.w.org\/{rel}","templated":true}]}}