{"id":174016,"date":"2025-12-03T10:06:12","date_gmt":"2025-12-03T10:06:12","guid":{"rendered":"https:\/\/www.europesays.com\/pt\/174016\/"},"modified":"2025-12-03T10:06:12","modified_gmt":"2025-12-03T10:06:12","slug":"descubra-por-que-alguns-famosos-escolheram-se-afastar-do-sexo","status":"publish","type":"post","link":"https:\/\/www.europesays.com\/pt\/174016\/","title":{"rendered":"descubra por que alguns famosos escolheram se afastar do sexo"},"content":{"rendered":"\n<p class=\" content-text__container theme-color-primary-first-letter\" data-track-category=\"Link no Texto\" data-track-links=\"\"> Nos \u00faltimos anos, algumas pessoas t\u00eam optado por se afastar de rela\u00e7\u00f5es afetivas e sexuais de forma volunt\u00e1ria, buscando espa\u00e7o para reflex\u00e3o, autoconhecimento e fortalecimento da autoestima. Entre elas, a atriz Luana Piovani, que se define como vivendo um per\u00edodo de &#8220;celibato imposto&#8221;, afirmando que n\u00e3o pretende se envolver intimamente sem que o parceiro esteja \u00e0 altura de suas expectativas. <\/p>\n<ul class=\"content-unordered-list\">\n<li><strong>Agendar o sexo? <\/strong><a class=\"\" href=\"https:\/\/oglobo.globo.com\/ela\/noticia\/2025\/04\/22\/agendar-o-sexo-famosos-revelam-como-esse-habito-ajuda-a-manter-o-desejo-e-o-relacionamento-em-dia.ghtml\" rel=\"nofollow noopener\" target=\"_blank\"><strong>Famosos revelam como esse h\u00e1bito ajuda a manter o desejo e o relacionamento em dia<\/strong><\/a><\/li>\n<li><strong>Empoderadas e sem pudores: <\/strong><a class=\"\" href=\"https:\/\/oglobo.globo.com\/ela\/noticia\/2024\/06\/23\/empoderadas-e-sem-pudores-veja-famosas-que-mandam-a-real-quando-o-assunto-e-sexo.ghtml\" rel=\"nofollow noopener\" target=\"_blank\"><strong>veja famosas que mandam a real quando o assunto \u00e9 sexo<\/strong><\/a><\/li>\n<\/ul>\n<p class=\" content-text__container \" data-track-category=\"Link no Texto\" data-track-links=\"\"> &#8220;N\u00e3o vou me submeter a caber em \u2018espacinho\u2019 de ningu\u00e9m. Ou \u00e9 \u00e0 minha altura, ou n\u00e3o est\u00e1 ao meu lado&#8221;, declarou em entrevista. Apesar de estar solteira, a apresentadora mant\u00e9m crit\u00e9rios claros para um relacionamento: deseja um companheiro com maturidade emocional, bom car\u00e1ter, h\u00e1bitos compat\u00edveis com os seus e capacidade de construir uma vida afetiva saud\u00e1vel. Para ela, o amor-pr\u00f3prio se tornou central: &#8220;N\u00e3o que ele j\u00e1 n\u00e3o existisse e n\u00e3o tenha sido muito importante sempre, por\u00e9m, agora as pessoas notaram que sem ele n\u00e3o \u00e9 poss\u00edvel viver.&#8221; <\/p>\n<p class=\" content-text__container \" data-track-category=\"Link no Texto\" data-track-links=\"\"> O fen\u00f4meno do celibato volunt\u00e1rio, conhecido em ingl\u00eas como &#8220;volcel&#8221; (voluntary celibate), tem se tornado cada vez mais discutido. Outros artistas tamb\u00e9m compartilham escolhas similares. A cantora <strong>Rosal\u00eda <\/strong>recentemente revelou que segue essa pr\u00e1tica, priorizando a pr\u00f3pria autonomia e escolhas conscientes em sua vida afetiva. <\/p>\n<p class=\" content-text__container \" data-track-category=\"Link no Texto\" data-track-links=\"\"> O cantor <strong>Lenny Kravitz <\/strong>afirmou que est\u00e1 celibat\u00e1rio h\u00e1 nove anos, desde o fim de seu \u00faltimo relacionamento s\u00e9rio: &#8220;\u00c9 uma quest\u00e3o espiritual. Eu me tornei muito apegado aos meus h\u00e1bitos, \u00e0 maneira como vivo&#8221;. Ele explicou que prefere esperar por algu\u00e9m compat\u00edvel com seu estilo de vida antes de se comprometer novamente. <\/p>\n<p class=\" content-text__container \" data-track-category=\"Link no Texto\" data-track-links=\"\"> O rapper <strong>50 Cent<\/strong> optou por concentrar sua energia inteiramente na carreira. &#8220;Minha nova ideia \u00e9 t\u00e3o grandiosa que n\u00e3o tenho tempo para distra\u00e7\u00f5es. Estou praticando abstin\u00eancia. Tenho meditado e me concentrado em meus objetivos&#8221;, compartilhou em seu Instagram. <\/p>\n<p class=\" content-text__container \" data-track-category=\"Link no Texto\" data-track-links=\"\"> Segundo Jo\u00e3o Borzino, m\u00e9dico e terapeuta sexual, o celibato volunt\u00e1rio pode trazer benef\u00edcios importantes para a sa\u00fade emocional e sexual. &#8220;Optar por n\u00e3o se relacionar sexualmente ou romanticamente por um tempo pode ajudar a fortalecer o autoconhecimento e a autoestima. \u00c9 um momento de reflex\u00e3o sobre o que realmente se busca em um parceiro e na pr\u00f3pria vida afetiva&#8221;, explica. <\/p>\n<p class=\" content-text__container \" data-track-category=\"Link no Texto\" data-track-links=\"\"> O especialista acrescenta: &#8220;Para muitas pessoas, essa decis\u00e3o n\u00e3o \u00e9 sobre rejeitar relacionamentos, mas sobre estabelecer limites saud\u00e1veis e priorizar o pr\u00f3prio bem-estar antes de se comprometer com algu\u00e9m.&#8221; <\/p>\n","protected":false},"excerpt":{"rendered":"Nos \u00faltimos anos, algumas pessoas t\u00eam optado por se afastar de rela\u00e7\u00f5es afetivas e sexuais de forma volunt\u00e1ria,&hellip;\n","protected":false},"author":2,"featured_media":174017,"comment_status":"","ping_status":"","sticky":false,"template":"","format":"standard","meta":{"footnotes":""},"categories":[145],"tags":[211,210,114,115,319,32,33,318],"class_list":{"0":"post-174016","1":"post","2":"type-post","3":"status-publish","4":"format-standard","5":"has-post-thumbnail","7":"category-celebridades","8":"tag-celebridades","9":"tag-celebrities","10":"tag-entertainment","11":"tag-entretenimento","12":"tag-hard-news","13":"tag-portugal","14":"tag-pt","15":"tag-radar"},"share_on_mastodon":{"url":"https:\/\/pubeurope.com\/@pt\/115655080892368060","error":""},"_links":{"self":[{"href":"https:\/\/www.europesays.com\/pt\/wp-json\/wp\/v2\/posts\/174016","targetHints":{"allow":["GET"]}}],"collection":[{"href":"https:\/\/www.europesays.com\/pt\/wp-json\/wp\/v2\/posts"}],"about":[{"href":"https:\/\/www.europesays.com\/pt\/wp-json\/wp\/v2\/types\/post"}],"author":[{"embeddable":true,"href":"https:\/\/www.europesays.com\/pt\/wp-json\/wp\/v2\/users\/2"}],"replies":[{"embeddable":true,"href":"https:\/\/www.europesays.com\/pt\/wp-json\/wp\/v2\/comments?post=174016"}],"version-history":[{"count":0,"href":"https:\/\/www.europesays.com\/pt\/wp-json\/wp\/v2\/posts\/174016\/revisions"}],"wp:featuredmedia":[{"embeddable":true,"href":"https:\/\/www.europesays.com\/pt\/wp-json\/wp\/v2\/media\/174017"}],"wp:attachment":[{"href":"https:\/\/www.europesays.com\/pt\/wp-json\/wp\/v2\/media?parent=174016"}],"wp:term":[{"taxonomy":"category","embeddable":true,"href":"https:\/\/www.europesays.com\/pt\/wp-json\/wp\/v2\/categories?post=174016"},{"taxonomy":"post_tag","embeddable":true,"href":"https:\/\/www.europesays.com\/pt\/wp-json\/wp\/v2\/tags?post=174016"}],"curies":[{"name":"wp","href":"https:\/\/api.w.org\/{rel}","templated":true}]}}