{"id":174053,"date":"2025-12-03T10:46:15","date_gmt":"2025-12-03T10:46:15","guid":{"rendered":"https:\/\/www.europesays.com\/pt\/174053\/"},"modified":"2025-12-03T10:46:15","modified_gmt":"2025-12-03T10:46:15","slug":"video-jornalista-inglesa-sofre-indisposicao-e-e-amparada-por-ian-wright","status":"publish","type":"post","link":"https:\/\/www.europesays.com\/pt\/174053\/","title":{"rendered":"V\u00cdDEO: jornalista inglesa sofre indisposi\u00e7\u00e3o e \u00e9 amparada por Ian Wright"},"content":{"rendered":"<p style=\"margin-bottom:11px\">Laura Woods, jornalista da ITV, apresentava a antevis\u00e3o ao particular Inglaterra-Gana em futebol feminino, em Southampton, quando sofreu uma indisposi\u00e7\u00e3o e perdeu o equil\u00edbrio. Felizmente, Woods foi amparada pelo antigo jogador Ian Wright. A equipa respons\u00e1vel pela transmiss\u00e3o mudou de imediato a imagem, optando por um plano gen\u00e9rico das bancadas.<\/p>\n<p>Pelas 19 horas desta ter\u00e7a-feira, Adam Collard, noivo de Laura Woods, esclareceu que a jornalista est\u00e1 est\u00e1vel, sendo acompanhada \u00abpelas pessoas certas\u00bb.<\/p>\n<p>Depois de um breve intervalo, a jornalista Katie Shanahan assumiu a emiss\u00e3o em Southampton.<\/p>\n","protected":false},"excerpt":{"rendered":"Laura Woods, jornalista da ITV, apresentava a antevis\u00e3o ao particular Inglaterra-Gana em futebol feminino, em Southampton, quando sofreu&hellip;\n","protected":false},"author":2,"featured_media":174054,"comment_status":"","ping_status":"","sticky":false,"template":"","format":"standard","meta":{"footnotes":""},"categories":[85],"tags":[114,115,2388,36271,665,4235,82,36272,46,32,33,47],"class_list":{"0":"post-174053","1":"post","2":"type-post","3":"status-publish","4":"format-standard","5":"has-post-thumbnail","7":"category-entretenimento","8":"tag-entertainment","9":"tag-entretenimento","10":"tag-futebol-feminino","11":"tag-ian-wright","12":"tag-inglaterra","13":"tag-insolito","14":"tag-internacional","15":"tag-laura-woods","16":"tag-maisfutebol","17":"tag-portugal","18":"tag-pt","19":"tag-pura-paixao"},"share_on_mastodon":{"url":"https:\/\/pubeurope.com\/@pt\/115655238183114476","error":""},"_links":{"self":[{"href":"https:\/\/www.europesays.com\/pt\/wp-json\/wp\/v2\/posts\/174053","targetHints":{"allow":["GET"]}}],"collection":[{"href":"https:\/\/www.europesays.com\/pt\/wp-json\/wp\/v2\/posts"}],"about":[{"href":"https:\/\/www.europesays.com\/pt\/wp-json\/wp\/v2\/types\/post"}],"author":[{"embeddable":true,"href":"https:\/\/www.europesays.com\/pt\/wp-json\/wp\/v2\/users\/2"}],"replies":[{"embeddable":true,"href":"https:\/\/www.europesays.com\/pt\/wp-json\/wp\/v2\/comments?post=174053"}],"version-history":[{"count":0,"href":"https:\/\/www.europesays.com\/pt\/wp-json\/wp\/v2\/posts\/174053\/revisions"}],"wp:featuredmedia":[{"embeddable":true,"href":"https:\/\/www.europesays.com\/pt\/wp-json\/wp\/v2\/media\/174054"}],"wp:attachment":[{"href":"https:\/\/www.europesays.com\/pt\/wp-json\/wp\/v2\/media?parent=174053"}],"wp:term":[{"taxonomy":"category","embeddable":true,"href":"https:\/\/www.europesays.com\/pt\/wp-json\/wp\/v2\/categories?post=174053"},{"taxonomy":"post_tag","embeddable":true,"href":"https:\/\/www.europesays.com\/pt\/wp-json\/wp\/v2\/tags?post=174053"}],"curies":[{"name":"wp","href":"https:\/\/api.w.org\/{rel}","templated":true}]}}