{"id":174077,"date":"2025-12-03T11:12:09","date_gmt":"2025-12-03T11:12:09","guid":{"rendered":"https:\/\/www.europesays.com\/pt\/174077\/"},"modified":"2025-12-03T11:12:09","modified_gmt":"2025-12-03T11:12:09","slug":"vem-ai-em-a-protegida-jorge-e-clarice-estao-metidos-com-a-mafia-novelas","status":"publish","type":"post","link":"https:\/\/www.europesays.com\/pt\/174077\/","title":{"rendered":"Vem a\u00ed em \u00abA Protegida\u00bb: Jorge e Clarice est\u00e3o metidos com a m\u00e1fia? &#8211; Novelas"},"content":{"rendered":"<p>Em \u00abA Protegida\u00bb, <a href=\"https:\/\/tvi.iol.pt\/novelas\/ator\/jorge-azevedo\/67ac8611d34e3f0bae9a5724\" wbo-id=\"54\" rel=\"nofollow noopener\" target=\"_blank\">Jorge (Paulo Pires<\/a>) explica a <a href=\"https:\/\/tvi.iol.pt\/novelas\/ator\/clarice-azevedo\/67ac86eed34e3f0bae9a5732\" rel=\"nofollow noopener\" target=\"_blank\">Clarice (Fernanda Serrano)<\/a> o que uma diretora comercial faz e ela diz que parece tudo muito aborrecido. Jorge diz-lhe que tem de fazer um esfor\u00e7o, pois ele tamb\u00e9m vai trabalhar. Jorge recebe uma mensagem e fica preocupado. Jorge diz que &#8220;Eles&#8221; sabem ondem est\u00e3o e que lhe mandaram uma foto deles a entrar na f\u00e1brica. Jorge e Clarice ficam tensos.<\/p>\n<p>Jorge mostra a Clarice a foto que lhe enviaram: deles a entrarem na f\u00e1brica e que parece ter uma mira no peito. Jorge e Clarice ficam muito assustados e acham melhor chamarem um t\u00e1xi, para despistarem os mafiosos.<\/p>\n<p>Recorde-se que o casal andou pelo estrangeiro durante dois anos e que agora est\u00e1 de volta:<\/p>\n","protected":false},"excerpt":{"rendered":"Em \u00abA Protegida\u00bb, Jorge (Paulo Pires) explica a Clarice (Fernanda Serrano) o que uma diretora comercial faz e&hellip;\n","protected":false},"author":2,"featured_media":150461,"comment_status":"","ping_status":"","sticky":false,"template":"","format":"standard","meta":{"footnotes":""},"categories":[142],"tags":[168,160,7591,166,114,115,1408,157,167,886,164,161,158,883,165,159,32,33,156,163,151,162],"class_list":{"0":"post-174077","1":"post","2":"type-post","3":"status-publish","4":"format-standard","5":"has-post-thumbnail","7":"category-tv","8":"tag-a-protegida","9":"tag-ana-guiomar","10":"tag-clarice","11":"tag-cristina-ferreira","12":"tag-entertainment","13":"tag-entretenimento","14":"tag-fernanda-serrano","15":"tag-festa-e-festa","16":"tag-ficcao","17":"tag-jorge","18":"tag-jose-fidalgo","19":"tag-novelas","20":"tag-para-sempre","21":"tag-paulo-pires","22":"tag-pedro-sousa","23":"tag-pedro-teixeira","24":"tag-portugal","25":"tag-pt","26":"tag-queridos-papas","27":"tag-tiago-teotonio-pereira","28":"tag-tv","29":"tag-tvi"},"share_on_mastodon":{"url":"https:\/\/pubeurope.com\/@pt\/115655340387968859","error":""},"_links":{"self":[{"href":"https:\/\/www.europesays.com\/pt\/wp-json\/wp\/v2\/posts\/174077","targetHints":{"allow":["GET"]}}],"collection":[{"href":"https:\/\/www.europesays.com\/pt\/wp-json\/wp\/v2\/posts"}],"about":[{"href":"https:\/\/www.europesays.com\/pt\/wp-json\/wp\/v2\/types\/post"}],"author":[{"embeddable":true,"href":"https:\/\/www.europesays.com\/pt\/wp-json\/wp\/v2\/users\/2"}],"replies":[{"embeddable":true,"href":"https:\/\/www.europesays.com\/pt\/wp-json\/wp\/v2\/comments?post=174077"}],"version-history":[{"count":0,"href":"https:\/\/www.europesays.com\/pt\/wp-json\/wp\/v2\/posts\/174077\/revisions"}],"wp:featuredmedia":[{"embeddable":true,"href":"https:\/\/www.europesays.com\/pt\/wp-json\/wp\/v2\/media\/150461"}],"wp:attachment":[{"href":"https:\/\/www.europesays.com\/pt\/wp-json\/wp\/v2\/media?parent=174077"}],"wp:term":[{"taxonomy":"category","embeddable":true,"href":"https:\/\/www.europesays.com\/pt\/wp-json\/wp\/v2\/categories?post=174077"},{"taxonomy":"post_tag","embeddable":true,"href":"https:\/\/www.europesays.com\/pt\/wp-json\/wp\/v2\/tags?post=174077"}],"curies":[{"name":"wp","href":"https:\/\/api.w.org\/{rel}","templated":true}]}}