{"id":174090,"date":"2025-12-03T11:27:16","date_gmt":"2025-12-03T11:27:16","guid":{"rendered":"https:\/\/www.europesays.com\/pt\/174090\/"},"modified":"2025-12-03T11:27:16","modified_gmt":"2025-12-03T11:27:16","slug":"casa-dos-segredos-vania-sa-reage-a-expulsao-de-dylan-a-producao-fez-de-ti-um-boneco","status":"publish","type":"post","link":"https:\/\/www.europesays.com\/pt\/174090\/","title":{"rendered":"Casa dos Segredos &#8211; V\u00e2nia S\u00e1 reage \u00e0 expuls\u00e3o de Dylan: &#8220;A produ\u00e7\u00e3o fez de ti um boneco&#8221;"},"content":{"rendered":"<p><strong>Dylan Fontes <\/strong>foi o concorrente expulso na \u00faltima gala da <strong>Casa dos Segredos<\/strong> e <strong>V\u00e2nia S\u00e1<\/strong>, ex-participante do formato, teve algumas coisas a dizer sobre a sa\u00edda do su\u00ed\u00e7o.<\/p>\n<p>&#8220;<strong>N\u00e3o quero dizer nada, mas \u00e0s vezes a TVI perde as no\u00e7\u00f5es a roubar \u00e0 cara podre!<\/strong> \u00c0s vezes podiam esconder um pouquinho mais&#8221;, come\u00e7ou por escrever nas stories do Instagram.<\/p>\n<p>&#8220;O rapaz quis desistir, levou o Bruno a desistir, <strong>faltou ao respeito \u00e0 Voz e assim a produ\u00e7\u00e3o livrou-se dele sem sequer esconder!<\/strong> E n\u00f3s continuamos a fazer isto! <strong>Vamos fazer greve?<\/strong>&#8220;, acrescentou.<\/p>\n<p>&#8220;Devias ter desistido, Dylan! <strong>Querias &#8216;brincar&#8217; com a produ\u00e7\u00e3o e no fundo a produ\u00e7\u00e3o fez de ti um boneco<\/strong>, como sempre&#8221;, apontou ainda.<\/p>\n<blockquote>\n<p>Leia mais: <a href=\"https:\/\/www.novagente.pt\/vania-sa-critica-postura-de-cristina-ferreira-regras-da-casa-dos-segredos-ridiculo\" rel=\"nofollow noopener\" target=\"_blank\">V\u00e2nia S\u00e1 critica postura de Cristina Ferreira e as &#8216;regras&#8217; da<\/a> Casa dos Segredos<\/p>\n<\/blockquote>\n<p>&#8220;O favoritismo \u00e9 rid\u00edculo&#8221;<\/p>\n<p>V\u00e2nia S\u00e1 n\u00e3o poupou cr\u00edticas negativas \u00e0 TVI e ao gestor milion\u00e1rio. &#8220;Acho que o Dylan j\u00e1 acredita que \u00e9 agressivo. O que \u00e9 ser agressivo? Acham que ele anda a bater em pessoas todos os dias? N\u00f3s, c\u00e1 fora, lidamos com pessoas de que gostamos, de que n\u00e3o gostamos. <strong>Este mundo est\u00e1 a ficar podre, n\u00e3o se pode fazer nada, n\u00e3o se pode dizer nada. E depois nos reality shows o que \u00e9 que perde a piada?<\/strong>&#8220;, afirmou.<\/p>\n<p>A ex-Casa dos Segredos foi mais longe e inseriu <strong>Pedro Jorge<\/strong> e <strong>Marisa<\/strong> na conversa, especialmente a aten\u00e7\u00e3o que Cristina Ferreira d\u00e1 ao segredo do casal, &#8220;cada vez que um concorrente sai.&#8221;<\/p>\n<p>&#8220;<strong>Est\u00e1 a dar um \u00eanfase, j\u00e1 chega. J\u00e1 percebemos que o segredo \u00e9 fixe, n\u00f3s c\u00e1 fora sabemos, eles que saibam em casa o segredo. <\/strong>At\u00e9 podia comentar no Dois \u00e0s 10, mas se calhar n\u00e3o tinha tanta gente a ver. \u00c9 assim t\u00e3o wow? J\u00e1 sabemos, fixe. O favoritismo \u00e9 rid\u00edculo&#8221;, explicou.<\/p>\n<p>Texto: Lu\u00eds Sigorro; Fotos: Redes sociais<\/p>\n<p class=\"intagram-text\">Siga a Nova Gente no Instagram<\/p>\n<p>                        <a href=\"https:\/\/www.instagram.com\/revistanovagente\/\" target=\"_blank\" aria-label=\"instagram\" rel=\"noopener nofollow\"><img decoding=\"async\" style=\"display: block; margin-left: auto; margin-right: auto; width: 250px; height: 83px;\" src=\"https:\/\/www.europesays.com\/pt\/wp-content\/uploads\/2025\/11\/Instagram_NG.png\" alt=\"instagram\"\/><\/a><br \/>\n                    <script async src=\"\/\/www.instagram.com\/embed.js\"><\/script><\/p>\n","protected":false},"excerpt":{"rendered":"Dylan Fontes foi o concorrente expulso na \u00faltima gala da Casa dos Segredos e V\u00e2nia S\u00e1, ex-participante do&hellip;\n","protected":false},"author":2,"featured_media":174091,"comment_status":"","ping_status":"","sticky":false,"template":"","format":"standard","meta":{"footnotes":""},"categories":[142],"tags":[2632,166,19105,114,115,32,33,151,13319],"class_list":{"0":"post-174090","1":"post","2":"type-post","3":"status-publish","4":"format-standard","5":"has-post-thumbnail","7":"category-tv","8":"tag-casa-dos-segredos","9":"tag-cristina-ferreira","10":"tag-dylan","11":"tag-entertainment","12":"tag-entretenimento","13":"tag-portugal","14":"tag-pt","15":"tag-tv","16":"tag-vania-sa"},"share_on_mastodon":{"url":"https:\/\/pubeurope.com\/@pt\/115655399691075015","error":""},"_links":{"self":[{"href":"https:\/\/www.europesays.com\/pt\/wp-json\/wp\/v2\/posts\/174090","targetHints":{"allow":["GET"]}}],"collection":[{"href":"https:\/\/www.europesays.com\/pt\/wp-json\/wp\/v2\/posts"}],"about":[{"href":"https:\/\/www.europesays.com\/pt\/wp-json\/wp\/v2\/types\/post"}],"author":[{"embeddable":true,"href":"https:\/\/www.europesays.com\/pt\/wp-json\/wp\/v2\/users\/2"}],"replies":[{"embeddable":true,"href":"https:\/\/www.europesays.com\/pt\/wp-json\/wp\/v2\/comments?post=174090"}],"version-history":[{"count":0,"href":"https:\/\/www.europesays.com\/pt\/wp-json\/wp\/v2\/posts\/174090\/revisions"}],"wp:featuredmedia":[{"embeddable":true,"href":"https:\/\/www.europesays.com\/pt\/wp-json\/wp\/v2\/media\/174091"}],"wp:attachment":[{"href":"https:\/\/www.europesays.com\/pt\/wp-json\/wp\/v2\/media?parent=174090"}],"wp:term":[{"taxonomy":"category","embeddable":true,"href":"https:\/\/www.europesays.com\/pt\/wp-json\/wp\/v2\/categories?post=174090"},{"taxonomy":"post_tag","embeddable":true,"href":"https:\/\/www.europesays.com\/pt\/wp-json\/wp\/v2\/tags?post=174090"}],"curies":[{"name":"wp","href":"https:\/\/api.w.org\/{rel}","templated":true}]}}