{"id":174184,"date":"2025-12-03T13:03:10","date_gmt":"2025-12-03T13:03:10","guid":{"rendered":"https:\/\/www.europesays.com\/pt\/174184\/"},"modified":"2025-12-03T13:03:10","modified_gmt":"2025-12-03T13:03:10","slug":"kremlin-diz-que-algumas-propostas-dos-eua-sobre-a-ucrania-sao-inaceitaveis-guerra-na-ucrania","status":"publish","type":"post","link":"https:\/\/www.europesays.com\/pt\/174184\/","title":{"rendered":"Kremlin diz que algumas propostas dos EUA sobre a Ucr\u00e2nia s\u00e3o \u201cinaceit\u00e1veis\u201d | Guerra na Ucr\u00e2nia"},"content":{"rendered":"<p>Mais de cinco horas de reuni\u00e3o no Kremlin ao longo da noite de ter\u00e7a-feira entre os enviados da Casa Branca e o Presidente russo, Vladimir Putin, n\u00e3o foram suficientes para que fossem alcan\u00e7ados <a href=\"https:\/\/www.publico.pt\/2025\/12\/03\/mundo\/noticia\/encontro-putin-witkoff-terminou-acordo-territorios-ocupados-2156828\" target=\"_blank\" rel=\"nofollow noopener\">progressos significativos<\/a> nas negocia\u00e7\u00f5es de paz para a Ucr\u00e2nia. Nada que tenha surpreendido os aliados europeus de Kiev, que acusam Moscovo de n\u00e3o desejar verdadeiramente um fim para o conflito.<\/p>\n<p>O <a href=\"https:\/\/www.publico.pt\/2025\/12\/02\/mundo\/noticia\/witkoff-kushner-viajam-moscovo-discutir-propostas-paz-putin-2156690\" target=\"_blank\" rel=\"nofollow noopener\">encontro no Kremlin<\/a> entre o enviado especial norte-americano Steve Witkoff, que foi acompanhado pelo genro de Donald Trump, Jared Kushner, e a c\u00fapula do Governo russo era visto como crucial para o desenrolar do processo negocial que visa p\u00f4r fim \u00e0 invas\u00e3o russa da Ucr\u00e2nia. Dias antes, o Presidente norte-americano havia mostrado, uma vez mais, estar optimista de que as condi\u00e7\u00f5es estariam reunidas para um acordo.<\/p>\n<p>No entanto, as declara\u00e7\u00f5es que surgiram no final do encontro em Moscovo foram parcas em pormenores e indicam que muito pouco parece ter mudado na posi\u00e7\u00e3o russa. O conselheiro presidencial Iuri Ushakov descreveu a conversa com os enviados norte-americanos como \u201cmuito \u00fatil, construtiva e altamente substantiva\u201d, mas n\u00e3o houve qualquer tipo de acordo firmado.<\/p>\n<p>        &#13;<\/p>\n<p>&#13;<br \/>\n                &#13;\n            <\/p>\n<p>&#13;<\/p>\n<p>Ainda assim, Ushakov disse que algumas das propostas trazidas pelos norte-americanos \u201cparecem mais ou menos aceit\u00e1veis\u201d. Horas antes de se reunir com Witkoff, Putin fez <a href=\"https:\/\/www.publico.pt\/2025\/12\/02\/mundo\/noticia\/receber-proposta-paz-putin-estar-preparado-combater-europa-2156767\" target=\"_blank\" rel=\"nofollow noopener\">duras cr\u00edticas \u00e0 Europa<\/a>, acusando os pa\u00edses europeus que apoiam Kiev de estarem a prejudicar os esfor\u00e7os de Trump para alcan\u00e7ar a paz e dizendo-se &#8220;preparado&#8221; para uma guerra no continente.<\/p>\n<p>Nesta quarta-feira de manh\u00e3, o porta-voz do Kremlin, Dmitri Peskov, esclareceu que n\u00e3o houve uma rejei\u00e7\u00e3o por parte de Putin da nova proposta de paz, redesenhada na semana passada com o apoio da Ucr\u00e2nia e dos pa\u00edses europeus. \u201cOntem, foi a primeira vez que uma troca directa de opini\u00f5es aconteceu\u201d, explicou o porta-voz, apesar de este ter sido o sexto encontro de Witkoff com Putin em menos de um ano.<\/p>\n<p>\u201cAlgumas coisas foram aceites, outras foram indicadas como inaceit\u00e1veis\u201d, acrescentou Peskov, sem especificar a que pontos se referia. \u201cEste \u00e9 um processo de trabalho normal e uma busca por compromisso\u201d, concluiu.<\/p>\n<p>De Washington, n\u00e3o houve, at\u00e9 ao momento, qualquer declara\u00e7\u00e3o oficial sobre a leitura norte-americana do longo encontro no Kremlin.<\/p>\n<p>A proposta apresentada por Witkoff a Putin difere substancialmente de uma <a href=\"https:\/\/www.publico.pt\/2025\/11\/25\/mundo\/noticia\/plano-paz-ucrania-estao-negociacoes-2155820\" target=\"_blank\" rel=\"nofollow noopener\">primeira vers\u00e3o<\/a> que circulou no m\u00eas passado, elaborada por Washington e Moscovo, que validava v\u00e1rias das exig\u00eancias da R\u00fassia para acabar com a guerra. Entre elas, estava o reconhecimento das anexa\u00e7\u00f5es territoriais, incluindo a retirada militar ucraniana da zona do Donbass que ainda est\u00e1 sob seu controlo, a proibi\u00e7\u00e3o de ades\u00e3o da Ucr\u00e2nia \u00e0 NATO e um corte substancial do seu pessoal militar.<\/p>\n<p>Para Kiev, tal como para os pa\u00edses europeus, essas condi\u00e7\u00f5es s\u00e3o inaceit\u00e1veis e representam uma capitula\u00e7\u00e3o total. Na semana passada, o Presidente ucraniano, Volodymyr Zelensky, em conjunto com os seus parceiros europeus, redesenhou a proposta de forma a respeitar as linhas vermelhas de Kiev, embora o seu conte\u00fado n\u00e3o tenha sido divulgado inteiramente.<\/p>\n<p>Na Europa, a aus\u00eancia de progressos ap\u00f3s a reuni\u00e3o no Kremlin est\u00e1 longe de constituir uma surpresa e \u00e9 vista como mais uma tentativa de ganhar tempo por parte de Putin. \u201cAquilo que vemos \u00e9 que Putin n\u00e3o mudou de op\u00e7\u00f5es\u201d, afirmou o ministro dos Neg\u00f3cios Estrangeiros da Est\u00f3nia, Margus Tsahkna, \u00e0 entrada para uma reuni\u00e3o no \u00e2mbito da NATO, em Bruxelas. \u201c\u00c9 bastante \u00f3bvio que ele [Putin] n\u00e3o quer qualquer tipo de paz\u201d, acrescentou.<\/p>\n<p>Uma posi\u00e7\u00e3o id\u00eantica foi partilhada pela chefe da diplomacia finlandesa, Elina Valtonen. \u201cAt\u00e9 agora, n\u00e3o vimos quaisquer ced\u00eancias por parte do agressor, que \u00e9 a R\u00fassia, e creio que a melhor medida para construir confian\u00e7a seria come\u00e7ar por um cessar-fogo total\u201d, afirmou.<\/p>\n<p>A reuni\u00e3o da NATO desta quarta-feira ir\u00e1 contar com a presen\u00e7a de uma delega\u00e7\u00e3o ucraniana chefiada por Rustem Umerov, secret\u00e1rio do Conselho de Seguran\u00e7a Nacional e Defesa, durante a qual ser\u00e3o discutidos os pr\u00f3ximos passos no \u00e2mbito das negocia\u00e7\u00f5es de paz. Depois disso, os negociadores ucranianos viajam at\u00e9 Washington para se encontrarem com representantes da Administra\u00e7\u00e3o Trump.<\/p>\n","protected":false},"excerpt":{"rendered":"Mais de cinco horas de reuni\u00e3o no Kremlin ao longo da noite de ter\u00e7a-feira entre os enviados da&hellip;\n","protected":false},"author":2,"featured_media":174185,"comment_status":"","ping_status":"","sticky":false,"template":"","format":"standard","meta":{"footnotes":""},"categories":[8],"tags":[27,28,413,445,15,16,889,14,25,26,21,22,62,3400,12,13,19,20,32,23,24,33,839,17,18,840,29,30,31,2415],"class_list":{"0":"post-174184","1":"post","2":"type-post","3":"status-publish","4":"format-standard","5":"has-post-thumbnail","7":"category-principais-noticias","8":"tag-breaking-news","9":"tag-breakingnews","10":"tag-eua","11":"tag-europa","12":"tag-featured-news","13":"tag-featurednews","14":"tag-guerra-na-ucrania","15":"tag-headlines","16":"tag-latest-news","17":"tag-latestnews","18":"tag-main-news","19":"tag-mainnews","20":"tag-mundo","21":"tag-nato","22":"tag-news","23":"tag-noticias","24":"tag-noticias-principais","25":"tag-noticiasprincipais","26":"tag-portugal","27":"tag-principais-noticias","28":"tag-principaisnoticias","29":"tag-pt","30":"tag-russia","31":"tag-top-stories","32":"tag-topstories","33":"tag-ucrania","34":"tag-ultimas","35":"tag-ultimas-noticias","36":"tag-ultimasnoticias","37":"tag-vladimir-putin"},"share_on_mastodon":{"url":"https:\/\/pubeurope.com\/@pt\/115655777279169937","error":""},"_links":{"self":[{"href":"https:\/\/www.europesays.com\/pt\/wp-json\/wp\/v2\/posts\/174184","targetHints":{"allow":["GET"]}}],"collection":[{"href":"https:\/\/www.europesays.com\/pt\/wp-json\/wp\/v2\/posts"}],"about":[{"href":"https:\/\/www.europesays.com\/pt\/wp-json\/wp\/v2\/types\/post"}],"author":[{"embeddable":true,"href":"https:\/\/www.europesays.com\/pt\/wp-json\/wp\/v2\/users\/2"}],"replies":[{"embeddable":true,"href":"https:\/\/www.europesays.com\/pt\/wp-json\/wp\/v2\/comments?post=174184"}],"version-history":[{"count":0,"href":"https:\/\/www.europesays.com\/pt\/wp-json\/wp\/v2\/posts\/174184\/revisions"}],"wp:featuredmedia":[{"embeddable":true,"href":"https:\/\/www.europesays.com\/pt\/wp-json\/wp\/v2\/media\/174185"}],"wp:attachment":[{"href":"https:\/\/www.europesays.com\/pt\/wp-json\/wp\/v2\/media?parent=174184"}],"wp:term":[{"taxonomy":"category","embeddable":true,"href":"https:\/\/www.europesays.com\/pt\/wp-json\/wp\/v2\/categories?post=174184"},{"taxonomy":"post_tag","embeddable":true,"href":"https:\/\/www.europesays.com\/pt\/wp-json\/wp\/v2\/tags?post=174184"}],"curies":[{"name":"wp","href":"https:\/\/api.w.org\/{rel}","templated":true}]}}