{"id":174186,"date":"2025-12-03T13:04:28","date_gmt":"2025-12-03T13:04:28","guid":{"rendered":"https:\/\/www.europesays.com\/pt\/174186\/"},"modified":"2025-12-03T13:04:28","modified_gmt":"2025-12-03T13:04:28","slug":"cristina-e-goucha-na-frente-quanto-ganham-os-apresentadores-da-tvi","status":"publish","type":"post","link":"https:\/\/www.europesays.com\/pt\/174186\/","title":{"rendered":"Cristina e Goucha na frente. Quanto ganham os apresentadores da TVI"},"content":{"rendered":"<p class=\"wp-caption-text top\"><a href=\"https:\/\/www.facebook.com\/manuelluisgouchatvi\/photos\/a.196283933728284\/1951521694871157\/?type=3&amp;theater\" rel=\"nofollow external noopener noreferrer\" data-wpel-link=\"external\" target=\"_blank\" class=\"ext-link\">Manuel Lu\u00eds Goucha &#8211; TVI \/ Facebook<\/a><\/p>\n<p><img decoding=\"async\" loading=\"lazy\" class=\"wp-image-225398 size-kopa-image-size-3\" src=\"https:\/\/www.europesays.com\/pt\/wp-content\/uploads\/2025\/12\/97f63faad162394220e7096f0799c4b3-783x450.jpg\" alt=\"\" width=\"700\" height=\"402\"  \/><\/p>\n<p><strong>Cristina Ferreira ganha 1,2 milh\u00f5es de euros por ano em Queluz de Baixo. Ser\u00e1 cinco vezes mais do que o apresentador Cl\u00e1udio Ramos.<\/strong><\/p>\n<p>Os sal\u00e1rios das estrelas da TVI voltam a estar debaixo de escrut\u00ednio. Novas estimativas da revista Boa Onda, citada pelo <a href=\"https:\/\/www.cmjornal.pt\/cmtv\/programas\/entretenimento\/manha-cm\/detalhe\/sabe-quem-ganha-mais-na-televisao-portuguesa\" data-wpel-link=\"external\" target=\"_blank\" rel=\"nofollow external noopener noreferrer\" class=\"ext-link\">CM<\/a>, mostram o que ganham os rostos mais medi\u00e1ticos da esta\u00e7\u00e3o de Queluz de Baixo.<\/p>\n<p><strong>Cristina Ferreira<\/strong>, diretora de Entretenimento e Fic\u00e7\u00e3o e tamb\u00e9m apresentadora, surge no topo, com um vencimento a rondar os <strong>100 mil euros por m\u00eas. <\/strong><\/p>\n<p>Logo atr\u00e1s, mas bastante distante, est\u00e1 o seu antigo co-apresentador <strong>Manuel Lu\u00eds Goucha<\/strong>, que ter\u00e1 um ordenado na ordem dos <strong>50 mil euros por m\u00eas<\/strong>, ao abrigo de um contrato renovado recentemente e v\u00e1lido at\u00e9 31 de dezembro de 2026.<\/p>\n<p>Bastante abaixo surge<strong> Cl\u00e1udio Ramos<\/strong>, com um sal\u00e1rio-base apontado a cerca de <strong>20 mil euros mensais<\/strong> \u2014 cinco vezes menos do que Cristina Ferreira.<\/p>\n<p>Al\u00e9m disso, segundo a revista, sempre que apresentam galas de reality shows, qualquer um destes apresentadores poder\u00e1 receber aproximadamente mais 2.500 euros por emiss\u00e3o.<\/p>\n<p>O sal\u00e1rio de Cristina Ferreira \u00e9 cerca de<strong> 88 vezes o sal\u00e1rio m\u00e9dio<\/strong> em Portugal, que teve no ano passado a <a href=\"https:\/\/zap.aeiou.pt\/salario-medio-teve-a-maior-subida-da-decada-658830\" data-wpel-link=\"internal\" rel=\"nofollow noopener\" target=\"_blank\">maior subida da d\u00e9cada<\/a>, d<strong>e 100 euros, para para 1.142<\/strong>.<\/p>\n<p>\u201cO <strong>aumento de 9,6% foi hist\u00f3rico<\/strong>, tendo em conta que as varia\u00e7\u00f5es anuais rondaram sempre os 2% e 3%\u201d, segundo uma an\u00e1lise do jornal <a href=\"https:\/\/eco.sapo.pt\/2025\/02\/07\/salario-medio-liquido-dispara-10-para-1-142-euros-e-a-maior-subida-da-decada-veja-as-profissoes-que-mais-ganham\/\" data-wpel-link=\"external\" target=\"_blank\" rel=\"nofollow external noopener noreferrer\" class=\"ext-link\">Eco<\/a>. Ao contr\u00e1rio do que tem vindo a acontecer, todas <strong>as profiss\u00f5es viram o sal\u00e1rio m\u00e9dio l\u00edquido crescer acima da infla\u00e7\u00e3o<\/strong>.<\/p>\n<p>O <strong>aumento do sal\u00e1rio m\u00ednimo<\/strong> (de 7,8% em 2023 e de 7,9% em 2024) e a <strong>valoriza\u00e7\u00e3o das carreiras da Administra\u00e7\u00e3o P\u00fablica<\/strong> foram dois dos principais impulsionadores deste aumento do ordenado m\u00e9dio l\u00edquido.<\/p>\n<p>Os militares das <strong>For\u00e7as Armadas tiveram o do maior aumento <\/strong>salarial (21,7%). Seguiram-se os agricultores e trabalhadores qualificados da agricultura, da pesca e da\u00a0floresta (10%); e, a fechar o p\u00f3dio, os t\u00e9cnicos e profiss\u00f5es de n\u00edvel interm\u00e9dio (9,8%).<\/p>\n<p>    <a href=\"https:\/\/zap.aeiou.pt\/subscrever-newsletter\" data-wpel-link=\"internal\" rel=\"nofollow noopener\" target=\"_blank\">&#13;<br \/>\n        <img loading=\"lazy\" decoding=\"async\" class=\"aligncenter size-full wp-image-575475\" src=\"https:\/\/www.europesays.com\/pt\/wp-content\/uploads\/2025\/11\/2d51fe4a0ba54894421ead1809309ed9-1-450x140.jpg\" alt=\"Subscreva a Newsletter ZAP\" width=\"450\" height=\"140\"\/>&#13;<br \/>\n    <\/a><\/p>\n<p>                <a href=\"https:\/\/whatsapp.com\/channel\/0029VaIC4EE2f3EJZPPSbR34\" data-wpel-link=\"external\" target=\"_blank\" rel=\"nofollow external noopener noreferrer\" class=\"ext-link\">&#13;<br \/>\n                    <img loading=\"lazy\" decoding=\"async\" class=\"aligncenter size-full wp-image-575475\" src=\"https:\/\/www.europesays.com\/pt\/wp-content\/uploads\/2025\/11\/c68c559d956d4ca20f435ed74a6e71e6.png\" alt=\"Siga-nos no WhatsApp\" width=\"175\" height=\"64\"\/>&#13;<br \/>\n                <\/a><\/p>\n<p>                <a href=\"https:\/\/news.google.com\/publications\/CAAiEHRwZondIV71PDjWNoqMduEqFAgKIhB0cGaJ3SFe9Tw41jaKjHbh?hl=en-US&amp;gl=US&amp;ceid=US%3Aen\" data-wpel-link=\"external\" target=\"_blank\" rel=\"nofollow external noopener noreferrer\" class=\"ext-link\">&#13;<br \/>\n                    <img loading=\"lazy\" decoding=\"async\" class=\"aligncenter size-full wp-image-575475\" src=\"https:\/\/www.europesays.com\/pt\/wp-content\/uploads\/2025\/11\/5123dd8b087b644fdb8f8603acd1bad4.png\" alt=\"Siga-nos no Google News\" width=\"176\" height=\"64\"\/>&#13;<br \/>\n                <\/a><\/p>\n","protected":false},"excerpt":{"rendered":"Manuel Lu\u00eds Goucha &#8211; TVI \/ Facebook Cristina Ferreira ganha 1,2 milh\u00f5es de euros por ano em Queluz&hellip;\n","protected":false},"author":2,"featured_media":174187,"comment_status":"","ping_status":"","sticky":false,"template":"","format":"standard","meta":{"footnotes":""},"categories":[145],"tags":[211,210,166,114,115,32,33,6248,218,162],"class_list":{"0":"post-174186","1":"post","2":"type-post","3":"status-publish","4":"format-standard","5":"has-post-thumbnail","7":"category-celebridades","8":"tag-celebridades","9":"tag-celebrities","10":"tag-cristina-ferreira","11":"tag-entertainment","12":"tag-entretenimento","13":"tag-portugal","14":"tag-pt","15":"tag-salarios","16":"tag-televisao","17":"tag-tvi"},"share_on_mastodon":{"url":"https:\/\/pubeurope.com\/@pt\/115655781315825762","error":""},"_links":{"self":[{"href":"https:\/\/www.europesays.com\/pt\/wp-json\/wp\/v2\/posts\/174186","targetHints":{"allow":["GET"]}}],"collection":[{"href":"https:\/\/www.europesays.com\/pt\/wp-json\/wp\/v2\/posts"}],"about":[{"href":"https:\/\/www.europesays.com\/pt\/wp-json\/wp\/v2\/types\/post"}],"author":[{"embeddable":true,"href":"https:\/\/www.europesays.com\/pt\/wp-json\/wp\/v2\/users\/2"}],"replies":[{"embeddable":true,"href":"https:\/\/www.europesays.com\/pt\/wp-json\/wp\/v2\/comments?post=174186"}],"version-history":[{"count":0,"href":"https:\/\/www.europesays.com\/pt\/wp-json\/wp\/v2\/posts\/174186\/revisions"}],"wp:featuredmedia":[{"embeddable":true,"href":"https:\/\/www.europesays.com\/pt\/wp-json\/wp\/v2\/media\/174187"}],"wp:attachment":[{"href":"https:\/\/www.europesays.com\/pt\/wp-json\/wp\/v2\/media?parent=174186"}],"wp:term":[{"taxonomy":"category","embeddable":true,"href":"https:\/\/www.europesays.com\/pt\/wp-json\/wp\/v2\/categories?post=174186"},{"taxonomy":"post_tag","embeddable":true,"href":"https:\/\/www.europesays.com\/pt\/wp-json\/wp\/v2\/tags?post=174186"}],"curies":[{"name":"wp","href":"https:\/\/api.w.org\/{rel}","templated":true}]}}