{"id":174211,"date":"2025-12-03T13:31:12","date_gmt":"2025-12-03T13:31:12","guid":{"rendered":"https:\/\/www.europesays.com\/pt\/174211\/"},"modified":"2025-12-03T13:31:12","modified_gmt":"2025-12-03T13:31:12","slug":"morreu-olga-cardoso-tinha-91-anos-observador","status":"publish","type":"post","link":"https:\/\/www.europesays.com\/pt\/174211\/","title":{"rendered":"Morreu Olga Cardoso. Tinha 91 anos \u2013 Observador"},"content":{"rendered":"<p>Olga Cardoso, antiga locutora de r\u00e1dio e apresentadora de televis\u00e3o, morreu esta quarta-feira aos 91 anos. A informa\u00e7\u00e3o foi confirmada pelo locutor Ant\u00f3nio Sala nas <a href=\"https:\/\/www.instagram.com\/antonio_sala_oficial\/\" rel=\"nofollow noopener\" target=\"_blank\">redes sociais<\/a>. A \u201camiga Olga\u201d, como era conhecida, sofreu um forte AVC esta ter\u00e7a-feira e foi internada de urg\u00eancia no Hospital de Santo Ant\u00f3nio, no Porto.<\/p>\n<p>\u201cTenho o cora\u00e7\u00e3o partido. A Olga j\u00e1 n\u00e3o est\u00e1 fisicamente entre n\u00f3s. Partiu durante esta madrugada. Querida Olga, obrigado por tudo. Pela amizade, pelo companheirismo, pela ternura, pelos momentos inesquec\u00edveis, pela tua gargalhada \u00fanica, que nunca ir\u00e1 desaparecer dos nossos ouvidos e do cora\u00e7\u00e3o de quantos acordaram com a tua voz jovial ao longo de milhares de manh\u00e3s\u201d, escreveu Sala.<\/p>\n<p>Olga Cardoso nasceu a 7 de julho de 1934 e era natural de Miragaia, Porto. Come\u00e7ou a carreira aos 15 anos, altura em que foi convidada para dar voz a radionovelas na ORSEC (Oficinas de R\u00e1dio, Som, Eletricidade e Cinema).<\/p>\n<p>Em 1964, entrou para a R\u00e1dio Renascen\u00e7a. Durante mais de vinte anos apresentou o programa Despertar com Ant\u00f3nio Sala. O programa ganhou popularidade, tendo liderado as audi\u00eancias durante muitos anos e feito um grande sucesso.<\/p>\n<p>Aos 59 anos, estreou-se na televis\u00e3o. Entre 1993 e 1994 apresentou, na TVI, o programa \u201c<a href=\"https:\/\/observador.pt\/especiais\/euros-aos-milhoes-ou-um-magnifico-automovel-10-concursos-que-fizeram-historia-na-televisao-portuguesa\/#title-8\" rel=\"nofollow noopener\" target=\"_blank\">A Amiga Olga<\/a>\u201c, o primeiro concurso de sempre do rec\u00e9m-estreado canal 4.<\/p>\n<p>Em <a href=\"https:\/\/tviplayer.iol.pt\/programa\/goucha\/5fe21c220cf2ec6e471a5d6b\/video\/63050b0a0cf2ea367d4accf6\" rel=\"nofollow noopener\" target=\"_blank\">entrevista a Manuel Lu\u00eds Goucha<\/a> em 2022, Olga Cardoso revelou que sofria da doen\u00e7a de Parkinson, diagnosticada aos 80 anos. A antiga locutora explicou que a leitura era uma \u201cboa aliada\u201d para manter a mente ativa.<\/p>\n<p>O Presidente da Rep\u00fablica reagiu \u00e0 morte de Olga Cardoso, afirmando que era \u201cuma figura not\u00e1vel como pessoa e como profissional de r\u00e1dio e isso cativava os portugueses\u201d.<\/p>\n<p>\u201cEu conhecia muito bem Olga Cardoso, que \u00e9 uma figura aqui do Porto, do Norte. Foi conjuntamente com Ant\u00f3nio Sala, mais do que uma apresentadora. Foi uma companheira di\u00e1ria na vida de milhares de ouvintes da R\u00e1dio Renascen\u00e7a\u201d, disse Marcelo Rebelo de Sousa em declara\u00e7\u00f5es aos jornalistas no Hospital de S\u00e3o Jo\u00e3o, no Porto.<\/p>\n<p>            <script async src=\"\/\/www.instagram.com\/embed.js\"><\/script><\/p>\n","protected":false},"excerpt":{"rendered":"Olga Cardoso, antiga locutora de r\u00e1dio e apresentadora de televis\u00e3o, morreu esta quarta-feira aos 91 anos. A informa\u00e7\u00e3o&hellip;\n","protected":false},"author":2,"featured_media":174212,"comment_status":"","ping_status":"","sticky":false,"template":"","format":"standard","meta":{"footnotes":""},"categories":[85],"tags":[114,115,32,33,58,2303],"class_list":{"0":"post-174211","1":"post","2":"type-post","3":"status-publish","4":"format-standard","5":"has-post-thumbnail","7":"category-entretenimento","8":"tag-entertainment","9":"tag-entretenimento","10":"tag-portugal","11":"tag-pt","12":"tag-sociedade","13":"tag-u00d3bito"},"share_on_mastodon":{"url":"https:\/\/pubeurope.com\/@pt\/115655886889178719","error":""},"_links":{"self":[{"href":"https:\/\/www.europesays.com\/pt\/wp-json\/wp\/v2\/posts\/174211","targetHints":{"allow":["GET"]}}],"collection":[{"href":"https:\/\/www.europesays.com\/pt\/wp-json\/wp\/v2\/posts"}],"about":[{"href":"https:\/\/www.europesays.com\/pt\/wp-json\/wp\/v2\/types\/post"}],"author":[{"embeddable":true,"href":"https:\/\/www.europesays.com\/pt\/wp-json\/wp\/v2\/users\/2"}],"replies":[{"embeddable":true,"href":"https:\/\/www.europesays.com\/pt\/wp-json\/wp\/v2\/comments?post=174211"}],"version-history":[{"count":0,"href":"https:\/\/www.europesays.com\/pt\/wp-json\/wp\/v2\/posts\/174211\/revisions"}],"wp:featuredmedia":[{"embeddable":true,"href":"https:\/\/www.europesays.com\/pt\/wp-json\/wp\/v2\/media\/174212"}],"wp:attachment":[{"href":"https:\/\/www.europesays.com\/pt\/wp-json\/wp\/v2\/media?parent=174211"}],"wp:term":[{"taxonomy":"category","embeddable":true,"href":"https:\/\/www.europesays.com\/pt\/wp-json\/wp\/v2\/categories?post=174211"},{"taxonomy":"post_tag","embeddable":true,"href":"https:\/\/www.europesays.com\/pt\/wp-json\/wp\/v2\/tags?post=174211"}],"curies":[{"name":"wp","href":"https:\/\/api.w.org\/{rel}","templated":true}]}}