{"id":174216,"date":"2025-12-03T13:35:09","date_gmt":"2025-12-03T13:35:09","guid":{"rendered":"https:\/\/www.europesays.com\/pt\/174216\/"},"modified":"2025-12-03T13:35:09","modified_gmt":"2025-12-03T13:35:09","slug":"jose-luis-carneiro-desvaloriza-escutas-e-nega-que-tenha-pedido-favores","status":"publish","type":"post","link":"https:\/\/www.europesays.com\/pt\/174216\/","title":{"rendered":"Jos\u00e9 Lu\u00eds Carneiro desvaloriza escutas e nega que tenha pedido favores"},"content":{"rendered":"<p>Jos\u00e9 Lu\u00eds Carneiro, secret\u00e1rio-geral do PS, rejeitou esta quarta-feira, 3 de dezembro, que tenha pedido favores ao antigo ministro do Ambiente, Matos Fernandes, referindo que apenas recomendou o perfil de uma pessoa para desempenhar determinadas fun\u00e7\u00f5es.<\/p>\n<p>\u201cRecomendar o perfil de pessoas para desempenhar fun\u00e7\u00f5es para quem est\u00e1 na vida p\u00fablica, na vida c\u00edvica, na vida pol\u00edtica, f\u00e1-lo, n\u00e3o todos os dias, mas com muita regularidade. Eu era, na altura, secret\u00e1rio-geral adjunto do PS e, portanto, era uma pr\u00e1tica muito regular no desempenho de fun\u00e7\u00f5es, ou seja, recomendar perfis de pessoas para desempenhar fun\u00e7\u00f5es\u201d, disse Jos\u00e9 Lu\u00eds Carneiro.<\/p>\n<p>Com o t\u00edtulo \u201cAs cunhas de Jos\u00e9 Lu\u00eds Carneiro e Manuel Pizarro\u201d, <a aria-label=\"content\" target=\"_blank\" href=\"https:\/\/www.sabado.pt\/portugal\/detalhe\/escutas-da-operacao-influencer-sei-o-que-disseste-ao-telefone-durante-tres-anos\" rel=\"nofollow noopener\">a revista S\u00e1bado revela esta quarta-feira escutas realizadas no \u00e2mbito da Opera\u00e7\u00e3o Influencer <\/a>e numa das quais \u00e9 descrito que Jos\u00e9 Lu\u00eds Carneiro ter\u00e1 pedido emprego ao ent\u00e3o ministro do Ambiente, Matos Fernandes, para o ex-deputado e ex-autarca de Aljustrel, Nelson Brito, a 20 de outubro de 2021. Nessa comunica\u00e7\u00e3o, o atual secret\u00e1rio-geral do PS dizia que a prefer\u00eancia para o emprego era a \u201csul do Tejo\u201d. Ao qual Matos Fernandes respondeu: \u201cN\u00e3o me esqueci. Nas \u00e1guas n\u00e3o h\u00e1 nada na administra\u00e7\u00e3o das empresas a sul do Tejo.\u201d Ainda assim, o ent\u00e3o ministro prometeu telefonar ao interessado.<\/p>\n<p>Questionado sobre se pediu um favor, o secret\u00e1rio-geral do PS respondeu: \u201cN\u00e3o, com certeza que n\u00e3o\u201d.<\/p>\n<p>Quanto a ter sido escutado, o l\u00edder dos socialistas, que foi confrontado com esta not\u00edcia no Hospital de S\u00e3o Jo\u00e3o, no Porto, onde <a aria-label=\"content\" target=\"_blank\" href=\"https:\/\/www.dn.pt\/pol%C3%ADtica\/lder-do-ps-visita-pr-no-hospital-est-cheio-de-fora-e-com-vontade-de-regressar-ao-contacto-com-as-pessoas\" rel=\"nofollow noopener\">foi visitar o Presidente da Rep\u00fablica <\/a>internado ap\u00f3s ter sido operado a uma h\u00e9rnia, desvalorizou: \u201cN\u00e3o sabia, mas tamb\u00e9m n\u00e3o vejo qualquer gravidade especial nisso.\u201d<\/p>\n<p>A revista S\u00e1bado refere que foram intercetadas perto de 50 chamadas telef\u00f3nicas de Ant\u00f3nio Costa, quando era primeiro-ministro, sendo que foram ainda escutadas mais de 20 pessoas.<\/p>\n","protected":false},"excerpt":{"rendered":"Jos\u00e9 Lu\u00eds Carneiro, secret\u00e1rio-geral do PS, rejeitou esta quarta-feira, 3 de dezembro, que tenha pedido favores ao antigo&hellip;\n","protected":false},"author":2,"featured_media":174217,"comment_status":"","ping_status":"","sticky":false,"template":"","format":"standard","meta":{"footnotes":""},"categories":[10],"tags":[27,28,28251,15,16,14,2433,25,26,21,22,12,13,19,20,32633,32,23,24,33,17,18,29,30,31],"class_list":{"0":"post-174216","1":"post","2":"type-post","3":"status-publish","4":"format-standard","5":"has-post-thumbnail","7":"category-portugal","8":"tag-breaking-news","9":"tag-breakingnews","10":"tag-escutas","11":"tag-featured-news","12":"tag-featurednews","13":"tag-headlines","14":"tag-jose-luis-carneiro","15":"tag-latest-news","16":"tag-latestnews","17":"tag-main-news","18":"tag-mainnews","19":"tag-news","20":"tag-noticias","21":"tag-noticias-principais","22":"tag-noticiasprincipais","23":"tag-operacao-influencer","24":"tag-portugal","25":"tag-principais-noticias","26":"tag-principaisnoticias","27":"tag-pt","28":"tag-top-stories","29":"tag-topstories","30":"tag-ultimas","31":"tag-ultimas-noticias","32":"tag-ultimasnoticias"},"share_on_mastodon":{"url":"https:\/\/pubeurope.com\/@pt\/115655902901448116","error":""},"_links":{"self":[{"href":"https:\/\/www.europesays.com\/pt\/wp-json\/wp\/v2\/posts\/174216","targetHints":{"allow":["GET"]}}],"collection":[{"href":"https:\/\/www.europesays.com\/pt\/wp-json\/wp\/v2\/posts"}],"about":[{"href":"https:\/\/www.europesays.com\/pt\/wp-json\/wp\/v2\/types\/post"}],"author":[{"embeddable":true,"href":"https:\/\/www.europesays.com\/pt\/wp-json\/wp\/v2\/users\/2"}],"replies":[{"embeddable":true,"href":"https:\/\/www.europesays.com\/pt\/wp-json\/wp\/v2\/comments?post=174216"}],"version-history":[{"count":0,"href":"https:\/\/www.europesays.com\/pt\/wp-json\/wp\/v2\/posts\/174216\/revisions"}],"wp:featuredmedia":[{"embeddable":true,"href":"https:\/\/www.europesays.com\/pt\/wp-json\/wp\/v2\/media\/174217"}],"wp:attachment":[{"href":"https:\/\/www.europesays.com\/pt\/wp-json\/wp\/v2\/media?parent=174216"}],"wp:term":[{"taxonomy":"category","embeddable":true,"href":"https:\/\/www.europesays.com\/pt\/wp-json\/wp\/v2\/categories?post=174216"},{"taxonomy":"post_tag","embeddable":true,"href":"https:\/\/www.europesays.com\/pt\/wp-json\/wp\/v2\/tags?post=174216"}],"curies":[{"name":"wp","href":"https:\/\/api.w.org\/{rel}","templated":true}]}}