{"id":174220,"date":"2025-12-03T13:37:12","date_gmt":"2025-12-03T13:37:12","guid":{"rendered":"https:\/\/www.europesays.com\/pt\/174220\/"},"modified":"2025-12-03T13:37:12","modified_gmt":"2025-12-03T13:37:12","slug":"apresentadora-e-locutora-hospitalizada-apos-avc-no-porto","status":"publish","type":"post","link":"https:\/\/www.europesays.com\/pt\/174220\/","title":{"rendered":"Apresentadora e Locutora Hospitalizada Ap\u00f3s AVC no Porto"},"content":{"rendered":"\n<p>H\u00e1 cerca de 10 anos descobriu que sofria de Parkinson.<\/p>\n<p>Olga Cardoso nasceu a 7 de julho de 1934, em Miragaia, no Porto. Aos 15 anos, foi convidada para as Oficinas de R\u00e1dio, Som, Eletricidade e Cinema, tendo come\u00e7ado a dar a voz em radionovelas. Depois disso trabalhou na R\u00e1dio Porto e R\u00e1dio Clube do Norte e, em 1964, ingressou na R\u00e1dio Renascen\u00e7a. A dupla com Ant\u00f3nio Sala, estando ele em Lisboa e ela no Porto, fez do Despetar um \u00edcone radiof\u00f3nico, chegando a haver emiss\u00f5es em direto de Viena, na \u00c1ustria, de Sevilha, em Espanha, de Macau, da Expo&#8217;98 e at\u00e9 a bordo de avi\u00f5es, barcos ou submarinos.<\/p>\n","protected":false},"excerpt":{"rendered":"H\u00e1 cerca de 10 anos descobriu que sofria de Parkinson. Olga Cardoso nasceu a 7 de julho de&hellip;\n","protected":false},"author":2,"featured_media":174221,"comment_status":"","ping_status":"","sticky":false,"template":"","format":"standard","meta":{"footnotes":""},"categories":[145],"tags":[1493,211,210,114,115,36240,32,33],"class_list":{"0":"post-174220","1":"post","2":"type-post","3":"status-publish","4":"format-standard","5":"has-post-thumbnail","7":"category-celebridades","8":"tag-avc","9":"tag-celebridades","10":"tag-celebrities","11":"tag-entertainment","12":"tag-entretenimento","13":"tag-olga-cardoso","14":"tag-portugal","15":"tag-pt"},"share_on_mastodon":{"url":"https:\/\/pubeurope.com\/@pt\/115655910546732781","error":""},"_links":{"self":[{"href":"https:\/\/www.europesays.com\/pt\/wp-json\/wp\/v2\/posts\/174220","targetHints":{"allow":["GET"]}}],"collection":[{"href":"https:\/\/www.europesays.com\/pt\/wp-json\/wp\/v2\/posts"}],"about":[{"href":"https:\/\/www.europesays.com\/pt\/wp-json\/wp\/v2\/types\/post"}],"author":[{"embeddable":true,"href":"https:\/\/www.europesays.com\/pt\/wp-json\/wp\/v2\/users\/2"}],"replies":[{"embeddable":true,"href":"https:\/\/www.europesays.com\/pt\/wp-json\/wp\/v2\/comments?post=174220"}],"version-history":[{"count":0,"href":"https:\/\/www.europesays.com\/pt\/wp-json\/wp\/v2\/posts\/174220\/revisions"}],"wp:featuredmedia":[{"embeddable":true,"href":"https:\/\/www.europesays.com\/pt\/wp-json\/wp\/v2\/media\/174221"}],"wp:attachment":[{"href":"https:\/\/www.europesays.com\/pt\/wp-json\/wp\/v2\/media?parent=174220"}],"wp:term":[{"taxonomy":"category","embeddable":true,"href":"https:\/\/www.europesays.com\/pt\/wp-json\/wp\/v2\/categories?post=174220"},{"taxonomy":"post_tag","embeddable":true,"href":"https:\/\/www.europesays.com\/pt\/wp-json\/wp\/v2\/tags?post=174220"}],"curies":[{"name":"wp","href":"https:\/\/api.w.org\/{rel}","templated":true}]}}