{"id":174266,"date":"2025-12-03T14:31:01","date_gmt":"2025-12-03T14:31:01","guid":{"rendered":"https:\/\/www.europesays.com\/pt\/174266\/"},"modified":"2025-12-03T14:31:01","modified_gmt":"2025-12-03T14:31:01","slug":"fm-universitaria-tem-programacao-especial-dedicada-ao-samba","status":"publish","type":"post","link":"https:\/\/www.europesays.com\/pt\/174266\/","title":{"rendered":"FM Universit\u00e1ria tem programa\u00e7\u00e3o especial dedicada ao samba"},"content":{"rendered":"<p>Esta ter\u00e7a-feira (2) \u00e9 Dia do Samba e em homenagem \u00e0 data a 88 FM, a R\u00e1dio Universit\u00e1ria (FMU), vai promover uma programa\u00e7\u00e3o inteira direcionada ao ritmo. Das 00h00 \u00e0s 23h59, a FMU ter\u00e1 samba de diversas formas: tocado, cantado e falado, destacando sua import\u00e2ncia hist\u00f3rica e cultural no Brasil. A programa\u00e7\u00e3o conta com mesa redonda, shows, homenagens e entrevistas exclusivas.\u00a0<\/p>\n<p>A programa\u00e7\u00e3o come\u00e7ou \u00e0s 06h30 ter\u00e1 uma edi\u00e7\u00e3o especial do Chorinhos e Can\u00e7\u00f5es voltada ao samba. \u00c0s 7h, foi a vez do Vozes do Brasil: Especial Ary Barroso, relembrando a trajet\u00f3ria do compositor cuja obra inspirou a cria\u00e7\u00e3o da data comemorativa.\u00a0<\/p>\n<p>A partir das 8h, a FMU transmitiu a Mesa de Bambas, que seguir\u00e1 ao longo da manh\u00e3 reunindo pesquisadores, professores e artistas para discutir estilos, influ\u00eancias e impactos da presen\u00e7a do samba para a forma\u00e7\u00e3o da identidade brasileira. Estar\u00e3o na mesa coordenada pelo jornalista e professor Ciro Pedroza, os professores Luiz Antonio Simas, Marcelo Braz, M\u00e1rio Pereira, Carlos Braga, Pollyana Guimar\u00e3es, Markus Filgueira, Ezequias Lira, Vicente Serejo e Jos\u00e9 Ramos, al\u00e9m do produtor Jos\u00e9 Dias, do jornalista Anderson Baltar e dos mestres Zorro, Denise e Chumbinho. Os ouvintes poder\u00e3o participar atrav\u00e9s do\u00a0WhatsApp\u00a0(84 99193-6363).<\/p>\n<p>\u201cO Dia Nacional do Samba, essa data institu\u00edda por lei, reflete a identidade do nosso pa\u00eds. N\u00e3o existe nada melhor do que o samba para refletir a identidade do Brasil. A import\u00e2ncia \u00e9 de manter essa chama acesa, de uma cultura que vem do negro, das periferias, do morro. \u00c9 muito importante para todos que fazem samba comemorar essa data\u201c, avalia Debinha Ramos, sambista e compositor.<\/p>\n<p>A Lei n\u00ba 14.567, de 4 de maio de 2023, reconheceu as escolas de samba com seus desfiles, m\u00fasicas, pr\u00e1ticas e tradi\u00e7\u00f5es como manifesta\u00e7\u00e3o cultural nacional. Em alguns lugares do pa\u00eds, como Salvador e Rio de Janeiro, o dia 2 de dezembro j\u00e1 figurava no calend\u00e1rio de datas oficiais como Dia do Samba. <\/p>\n<p><img fetchpriority=\"high\" decoding=\"async\" width=\"1024\" height=\"831\" src=\"https:\/\/www.europesays.com\/pt\/wp-content\/uploads\/2025\/12\/WhatsApp-Image-2025-12-02-at-10.26.16-1024x831.jpeg\" alt=\"\" class=\"wp-image-161056\"  \/>Ciro Pedroza entrevista Paulinho da Viola I Foto: arquivo pessoal<\/p>\n<p>No Jornal do Meio, os ouvintes ainda ter\u00e3o acesso a uma entrevista exclusiva com Paulinho da Viola, um dos nomes mais importantes da hist\u00f3ria do samba. Em seguida, a programa\u00e7\u00e3o exibe uma edi\u00e7\u00e3o especial do Mem\u00f3ria Viva, com Aluizio Pereira, fundador da primeira escola de samba de Natal e \u00fanico integrante original ainda vivo. A tarde ser\u00e1 dedicada a Shows exclusivos dos potiguares Sueldo Soares, Dedinha Ramos, Carlos Brito e Val\u00e9ria Oliveira.\u00a0<\/p>\n<p>\u201cA 88 FM \u00e9 a r\u00e1dio que mais valoriza a nossa m\u00fasica e a nossa cultura, nesta ter\u00e7a-feira n\u00e3o seria diferente, porque a r\u00e1dio que toca samba todo dia, vai tocar samba o dia todo numa festa em homenagem ao dia do samba\u201d, destaca Sebastian Faustino, superintendente de comunica\u00e7\u00e3o da UFRN e diretor da 88 FM Universit\u00e1ria.<\/p>\n<p>A programa\u00e7\u00e3o pode ser acompanhada atrav\u00e9s da 88 FM ou pelo canal do\u00a0<a href=\"http:\/\/www.youtube.com\/radiouniversitarianatal\" target=\"_blank\" rel=\"noreferrer noopener nofollow\">YouTube<\/a>\u00a0da R\u00e1dio 88.9 FM.<\/p>\n","protected":false},"excerpt":{"rendered":"Esta ter\u00e7a-feira (2) \u00e9 Dia do Samba e em homenagem \u00e0 data a 88 FM, a R\u00e1dio Universit\u00e1ria&hellip;\n","protected":false},"author":2,"featured_media":174267,"comment_status":"","ping_status":"","sticky":false,"template":"","format":"standard","meta":{"footnotes":""},"categories":[141],"tags":[114,115,149,150,7561,32,33],"class_list":{"0":"post-174266","1":"post","2":"type-post","3":"status-publish","4":"format-standard","5":"has-post-thumbnail","7":"category-musica","8":"tag-entertainment","9":"tag-entretenimento","10":"tag-music","11":"tag-musica","12":"tag-natal","13":"tag-portugal","14":"tag-pt"},"share_on_mastodon":{"url":"https:\/\/pubeurope.com\/@pt\/115656123328720567","error":""},"_links":{"self":[{"href":"https:\/\/www.europesays.com\/pt\/wp-json\/wp\/v2\/posts\/174266","targetHints":{"allow":["GET"]}}],"collection":[{"href":"https:\/\/www.europesays.com\/pt\/wp-json\/wp\/v2\/posts"}],"about":[{"href":"https:\/\/www.europesays.com\/pt\/wp-json\/wp\/v2\/types\/post"}],"author":[{"embeddable":true,"href":"https:\/\/www.europesays.com\/pt\/wp-json\/wp\/v2\/users\/2"}],"replies":[{"embeddable":true,"href":"https:\/\/www.europesays.com\/pt\/wp-json\/wp\/v2\/comments?post=174266"}],"version-history":[{"count":0,"href":"https:\/\/www.europesays.com\/pt\/wp-json\/wp\/v2\/posts\/174266\/revisions"}],"wp:featuredmedia":[{"embeddable":true,"href":"https:\/\/www.europesays.com\/pt\/wp-json\/wp\/v2\/media\/174267"}],"wp:attachment":[{"href":"https:\/\/www.europesays.com\/pt\/wp-json\/wp\/v2\/media?parent=174266"}],"wp:term":[{"taxonomy":"category","embeddable":true,"href":"https:\/\/www.europesays.com\/pt\/wp-json\/wp\/v2\/categories?post=174266"},{"taxonomy":"post_tag","embeddable":true,"href":"https:\/\/www.europesays.com\/pt\/wp-json\/wp\/v2\/tags?post=174266"}],"curies":[{"name":"wp","href":"https:\/\/api.w.org\/{rel}","templated":true}]}}