{"id":174278,"date":"2025-12-03T14:41:27","date_gmt":"2025-12-03T14:41:27","guid":{"rendered":"https:\/\/www.europesays.com\/pt\/174278\/"},"modified":"2025-12-03T14:41:27","modified_gmt":"2025-12-03T14:41:27","slug":"mansao-de-diane-keaton-inspirada-em-os-tres-porquinhos-e-colocada-a-venda-por-r-145-milhoes-veja-fotos","status":"publish","type":"post","link":"https:\/\/www.europesays.com\/pt\/174278\/","title":{"rendered":"Mans\u00e3o de Diane Keaton inspirada em &#8216;Os tr\u00eas porquinhos&#8217; \u00e9 colocada \u00e0 venda por R$ 145 milh\u00f5es; veja fotos"},"content":{"rendered":"\n<p class=\" content-text__container theme-color-primary-first-letter\" data-track-category=\"Link no Texto\" data-track-links=\"\"> Diane Keaton residiu, durante grande parte da vida, numa &#8220;casa dos sonhos&#8221;, em <a class=\"\" href=\"https:\/\/oglobo.globo.com\/tudo-sobre\/cidade\/los-angeles\" rel=\"nofollow noopener\" target=\"_blank\">Los Angeles<\/a>, nos <a class=\"\" href=\"https:\/\/oglobo.globo.com\/tudo-sobre\/pais\/estados-unidos\" rel=\"nofollow noopener\" target=\"_blank\">Estados Unidos<\/a>. Era assim que a famosa atriz \u2014 <a class=\"\" href=\"https:\/\/oglobo.globo.com\/cultura\/noticia\/2025\/10\/11\/diane-keaton-morre-aos-79-anos.ghtml\" rel=\"nofollow noopener\" target=\"_blank\">que morreu, aos 79 anos<\/a>, em outubro deste ano \u2014 se referenciava ao local constru\u00eddo totalmente do zero, tintim por tintim, em 2011. Planejado por ela, o im\u00f3vel tinha como inspira\u00e7\u00e3o o cl\u00e1ssico liter\u00e1rio &#8220;Os tr\u00eas porquinhos&#8221;, o favorito da artista na inf\u00e2ncia. Nesta semana, a edifica\u00e7\u00e3o de dois andares foi colocada \u00e0 venda por US$ 28,9 milh\u00f5es, o equivalente a R$ 154 milh\u00f5es. O fato vem chamando aten\u00e7\u00e3o do mercado. <\/p>\n<ul class=\"content-unordered-list\">\n<li><strong>Tradi\u00e7\u00e3o familiar:<\/strong> <a class=\"\" href=\"https:\/\/oglobo.globo.com\/cultura\/epoca\/noticia\/2025\/12\/02\/sabia-dessa-entenda-por-que-a-arvore-de-natal-deve-ser-montada-no-dia-8-de-dezembro.ghtml\" rel=\"nofollow noopener\" target=\"_blank\">Existe dia certo para montar a \u00e1rvore de Natal? Pa\u00edses t\u00eam tradi\u00e7\u00f5es diferentes; entenda<\/a><\/li>\n<li><strong>Amor no ar:<\/strong> <a class=\"\" href=\"https:\/\/oglobo.globo.com\/cultura\/noticia\/2025\/12\/02\/nao-foram-apenas-virginia-e-vini-jr-relembre-os-famosos-que-iniciaram-relacionamentos-em-2025.ghtml\" rel=\"nofollow noopener\" target=\"_blank\">N\u00e3o foram apenas Virginia e Vini Jr \u2014 relembre os famosos que iniciaram relacionamentos em 2025<\/a><\/li>\n<\/ul>\n<p class=\" content-text__container \" data-track-category=\"Link no Texto\" data-track-links=\"\"> Em mar\u00e7o deste ano, ali\u00e1s, poucos meses antes de morrer, a atriz se desfez do im\u00f3vel, o que gerou espanto em amigos e colegas justamente pela afei\u00e7\u00e3o que ela cultivava com o lugar. A casa, inclusive, inspirou um livro, escrito pela pr\u00f3pria Diane Keaton. Sim, em &#8220;The house that Pinterest built&#8221; (&#8220;A casa que o Pinterest construiu&#8221;, em tradu\u00e7\u00e3o livre), a int\u00e9rprete de Annie Hall no filme <a class=\"\" href=\"https:\/\/acervo.oglobo.globo.com\/fatos-historicos\/noivo-neurotico-noiva-nervosa-leva-oscar-mas-woody-allen-nao-aparece-10150441\" target=\"_blank\" rel=\"nofollow noopener\">&#8220;Noivo neur\u00f3tico, noiva nervosa&#8221;<\/a> (1977) detalha todo o projeto de constru\u00e7\u00e3o do lar. <\/p>\n<p>    Mans\u00e3o de Diane Keaton \u00e9 inspirada em &#8216;Os tr\u00eas porquinhos&#8217;         <\/p>\n<p>Local projetado pela atriz \u00e9 posto \u00e0 venda por R$ 145 milh\u00f5es<\/p>\n<p class=\" content-text__container \" data-track-category=\"Link no Texto\" data-track-links=\"\"> Revestida interna e externamente por cerca de 75 mil tijolos de barro reciclado, a casa chama aten\u00e7\u00e3o ainda pelo telhado de a\u00e7o que remete aos antigos silos. Com aproximadamente 9.200 p\u00e9s quadrados de \u00e1rea \u00fatil (algo em torno de 855 metros quadrados), distribu\u00eddos em dois pavimentos, o im\u00f3vel abriga cinco su\u00edtes e sete banheiros. Nos ambientes, aparecem combina\u00e7\u00f5es de madeira, tijolo e concreto aparente no piso, portas francesas e modelos deslizantes no estilo celeiro, al\u00e9m de amplas janelas com esquadrias met\u00e1licas que inundam os c\u00f4modos de luz natural. <\/p>\n<p class=\" content-text__container \" data-track-category=\"Link no Texto\" data-track-links=\"\"> Instalada num terreno dentro do condom\u00ednio fechado Riviera Ranch \u2014 projetado pelo arquiteto Cliff May \u2014, a propriedade tem como ponto central a sala de estar, marcada pelo p\u00e9-direito elevado, vigas de madeira expostas, lumin\u00e1rias pendentes de metal e uma lareira embutida numa parede de tijolos caiados. A cozinha ampla, iluminada por uma claraboia, conta com uma ilha em tom azul-acinzentado, arm\u00e1rios no mesmo acabamento com aplica\u00e7\u00f5es de tela de galinheiro, refrigerador sub-zero de porte alto, um grande arm\u00e1rio vintage para vinhos e uma despensa. <\/p>\n<p>Fortuna de R$ 550 milh\u00f5es<\/p>\n<p class=\" content-text__container \" data-track-category=\"Link no Texto\" data-track-links=\"\"> Diane Keaton deixou uma fortuna de US$ 100 milh\u00f5es (cerca de R$ 550 milh\u00f5es), que foi dividida igualmente por seus dois filhos adotivos. <\/p>\n<p>      <img decoding=\"async\" class=\"content-media__image\"  src=\"https:\/\/www.europesays.com\/pt\/wp-content\/uploads\/2025\/12\/112663385-files-us-actress-diane-keaton-arrives-for-the-10th-annual-lacma-art-film-gala-at-the-los-a.jpeg\" alt=\"Diane Keaton \u2014 Foto: Michael Tran \/ AFP\" width=\"3900\" height=\"2600\" loading=\"lazy\"\/>  Diane Keaton \u2014 Foto: Michael Tran \/ AFP       <\/p>\n<p class=\" content-text__container \" data-track-category=\"Link no Texto\" data-track-links=\"\"> Dexter, de 29 anos, e Duke, de 25, foram adotados pela atriz em 1996, quando ela tinha 50 anos, e em 2001. Os dois filhos tinham apenas 1 anos ao chegarem \u00e0 vida da artista. <\/p>\n<p class=\" content-text__container \" data-track-category=\"Link no Texto\" data-track-links=\"\"> Estrela da trilogia &#8220;O poderoso chef\u00e3o&#8221; (1972), de &#8220;Noivo neur\u00f3tico, noiva nervosa&#8221; (1977), de Woody Allen, e de &#8220;Clube das desquitadas&#8221; (1996), a atriz investia em im\u00f3veis e tinha se especializado na restaura\u00e7\u00e3o de casas hist\u00f3ricas. <\/p>\n<p class=\" content-text__container \" data-track-category=\"Link no Texto\" data-track-links=\"\"> De acordo com o site &#8220;Celebrity Net Worth&#8221;, ela vendeu algumas das propriedades que reformou, fazendo \u00f3timos neg\u00f3cios. Foi o caso de uma mans\u00e3o centen\u00e1ria, comprada em 2007 por US$ 8,1 milh\u00f5es de d\u00f3lares, e vendida tr\u00eas anos depois para o produtor Ryan Murphy por US$ 10 milh\u00f5es. <\/p>\n<p>    Diane Keaton (1946-2025)           <img decoding=\"async\" id=\"image-id-tumb-b2fab410-38b8-4e75-a738-e553e66c0205\" alt=\"Diane Keaton em 'Noivo neur\u00f3tico, noiva nervosa' \u2014 Foto: Reprodu\u00e7\u00e3o\" src=\"https:\/\/www.europesays.com\/pt\/wp-content\/uploads\/2025\/12\/dxp4wt-h-2022.jpg\" loading=\"lazy\" height=\"730\" width=\"1296\" data-posicao=\"1\" role=\"button\" tabindex=\"0\"\/>    <img decoding=\"async\" id=\"image-id-b2fab410-38b8-4e75-a738-e553e66c0205\" class=\"gallery-photo\" alt=\"Diane Keaton em 'Noivo neur\u00f3tico, noiva nervosa' \u2014 Foto: Reprodu\u00e7\u00e3o\" src=\"https:\/\/www.europesays.com\/pt\/wp-content\/uploads\/2025\/12\/1764772879_355_dxp4wt-h-2022.jpg\" loading=\"lazy\" height=\"730\" width=\"1296\"\/>  <\/p>\n<p> 1 de 10 <br \/>&#13;Diane Keaton em &#8216;Noivo neur\u00f3tico, noiva nervosa&#8217; \u2014 Foto: Reprodu\u00e7\u00e3o <\/p>\n<p>     <img decoding=\"async\" id=\"image-id-tumb-e3f444ee-9392-4a76-b303-05a2df47aadc\" alt=\"Al Pacino e Diane Keaton em cena de 'O poderoso chef\u00e3o' \u2014 Foto: Reprodu\u00e7\u00e3o\" src=\"https:\/\/www.europesays.com\/pt\/wp-content\/uploads\/2025\/12\/sem-titulo.jpg\" loading=\"lazy\" height=\"398\" width=\"714\" data-posicao=\"2\" role=\"button\" tabindex=\"0\"\/>    <img decoding=\"async\" id=\"image-id-e3f444ee-9392-4a76-b303-05a2df47aadc\" class=\"gallery-photo\" alt=\"Al Pacino e Diane Keaton em cena de 'O poderoso chef\u00e3o' \u2014 Foto: Reprodu\u00e7\u00e3o\" src=\"https:\/\/www.europesays.com\/pt\/wp-content\/uploads\/2025\/12\/1764772880_422_sem-titulo.jpg\" loading=\"lazy\" height=\"398\" width=\"714\"\/>  <\/p>\n<p> 2 de 10 <br \/>&#13;Al Pacino e Diane Keaton em cena de &#8216;O poderoso chef\u00e3o&#8217; \u2014 Foto: Reprodu\u00e7\u00e3o <\/p>\n<p>     Pular    <\/p>\n<p> X de 10 <br \/>Publicidade <\/p>\n<p>      <img decoding=\"async\" id=\"image-id-tumb-5a2a30f0-d32d-40ae-bed2-330ff53319e6\" alt=\"Diane Keaton e Woody Allen em 'Noivo Neur\u00f3tico, Noiva Nervosa'. \u2014 Foto: Divulga\u00e7\u00e3o\" src=\"https:\/\/www.europesays.com\/pt\/wp-content\/uploads\/2025\/12\/35715261-sc-rio-de-janeiro-rj-06-09-2010-manhattan-woody-allen-diane-keaton-e-tony-roberts-.-foto-d..jpeg\" loading=\"lazy\" height=\"1000\" width=\"1469\" data-posicao=\"3\" role=\"button\" tabindex=\"0\"\/>    <img decoding=\"async\" id=\"image-id-5a2a30f0-d32d-40ae-bed2-330ff53319e6\" class=\"gallery-photo\" alt=\"Diane Keaton e Woody Allen em 'Noivo Neur\u00f3tico, Noiva Nervosa'. \u2014 Foto: Divulga\u00e7\u00e3o\" src=\"https:\/\/www.europesays.com\/pt\/wp-content\/uploads\/2025\/12\/1764772882_422_35715261-sc-rio-de-janeiro-rj-06-09-2010-manhattan-woody-allen-diane-keaton-e-tony-roberts-.-foto-d..jpeg\" loading=\"lazy\" height=\"1000\" width=\"1469\"\/>  <\/p>\n<p> 3 de 10 <br \/>&#13;Diane Keaton e Woody Allen em &#8216;Noivo Neur\u00f3tico, Noiva Nervosa&#8217;. \u2014 Foto: Divulga\u00e7\u00e3o <\/p>\n<p>      <img decoding=\"async\" id=\"image-id-ee3e023f-aca2-4e44-a507-f4e3c28d8508\" class=\"gallery-photo\" alt=\"Diane Keaton e Al Pacino em 'O poderoso chef\u00e3o III' \u2014 Foto: Divulga\u00e7\u00e3o\" src=\"https:\/\/www.europesays.com\/pt\/wp-content\/uploads\/2025\/12\/90730602-godfather-part-iii-1990l-to-r-diane-keaton-george-hamilton-and-al-pacino.jpg\" loading=\"lazy\" height=\"480\" width=\"721\"\/>  <\/p>\n<p> 4 de 10 <br \/>&#13;Diane Keaton e Al Pacino em &#8216;O poderoso chef\u00e3o III&#8217; \u2014 Foto: Divulga\u00e7\u00e3o <\/p>\n<p>     Pular    <\/p>\n<p> X de 10 <br \/>Publicidade <\/p>\n<p>      <img decoding=\"async\" id=\"image-id-baa96128-ddc3-47c9-8b0d-febc3ddc3dc3\" class=\"gallery-photo\" alt=\"Diane Keaton em evento em 2015 \u2014 Foto: Valerie MACON \/ AFP\" src=\"https:\/\/www.europesays.com\/pt\/wp-content\/uploads\/2025\/12\/112663239-files-actress-diane-keaton-attends-the-premiere-of-love-the-coopers-in-los-angeles-califor.jpeg\" loading=\"lazy\" height=\"2269\" width=\"3096\"\/>  <\/p>\n<p> 5 de 10 <br \/>&#13;Diane Keaton em evento em 2015 \u2014 Foto: Valerie MACON \/ AFP <\/p>\n<p>      <img decoding=\"async\" id=\"image-id-ea2332d8-76d7-49a8-9b76-3a0d7bfae45b\" class=\"gallery-photo\" alt=\"Diane Keaton com seus filhos Dexter e Duke. \u2014 Foto: Reprodu\u00e7\u00e3o \/ Instagram\" src=\"https:\/\/www.europesays.com\/pt\/wp-content\/uploads\/2025\/12\/249459279-833881857287622-6371735552043551993-n.jpg\" loading=\"lazy\" height=\"703\" width=\"900\"\/>  <\/p>\n<p> 6 de 10 <br \/>&#13;Diane Keaton com seus filhos Dexter e Duke. \u2014 Foto: Reprodu\u00e7\u00e3o \/ Instagram <\/p>\n<p>     Pular    <\/p>\n<p> X de 10 <br \/>Publicidade <\/p>\n<p>      <img decoding=\"async\" id=\"image-id-9fa2d386-9ed3-417d-866a-84b4ea17c4c9\" class=\"gallery-photo\" alt=\"Diane Keaton e sua filha Dexter. \u2014 Foto: Reprodu\u00e7\u00e3o \/ Instagram\" src=\"https:\/\/www.europesays.com\/pt\/wp-content\/uploads\/2025\/12\/473618259-18482035924025224-8158600344005129951-n.jpg\" loading=\"lazy\" height=\"1800\" width=\"1440\"\/>  <\/p>\n<p> 7 de 10 <br \/>&#13;Diane Keaton e sua filha Dexter. \u2014 Foto: Reprodu\u00e7\u00e3o \/ Instagram <\/p>\n<p>      <img decoding=\"async\" id=\"image-id-a0a0c68e-b2cc-43f9-9c43-d273e2082eb2\" class=\"gallery-photo\" alt=\"Diane Keaton morreu aos 79 anos \u2014 Foto: Patrick T. FALLON \/ AFP\" src=\"https:\/\/www.europesays.com\/pt\/wp-content\/uploads\/2025\/12\/112663407-files-actress-diane-keaton-speaks-during-the-handprints-and-footprints-ceremony-to-cel.jpg\" loading=\"lazy\" height=\"860\" width=\"1291\"\/>  <\/p>\n<p> 8 de 10 <br \/>&#13;Diane Keaton morreu aos 79 anos \u2014 Foto: Patrick T. FALLON \/ AFP <\/p>\n<p>     Pular    <\/p>\n<p> X de 10 <br \/>Publicidade <\/p>\n<p>      <img decoding=\"async\" id=\"image-id-7dcdcf7c-e3fc-4ece-a3a1-3d58168f12db\" class=\"gallery-photo\" alt=\"Diane Keaton e Leonardo DiCaprio \u2014 Foto: Reprodu\u00e7\u00e3o\/Instagram\" src=\"https:\/\/www.europesays.com\/pt\/wp-content\/uploads\/2025\/12\/captura-de-tela-2025-10-12-as-07.35.06.png\" loading=\"lazy\" height=\"930\" width=\"728\"\/>  <\/p>\n<p> 9 de 10 <br \/>&#13;Diane Keaton e Leonardo DiCaprio \u2014 Foto: Reprodu\u00e7\u00e3o\/Instagram <\/p>\n<p>      <img decoding=\"async\" id=\"image-id-ee63c6ca-ea3c-4138-90e7-70622fd5c3f6\" class=\"gallery-photo\" alt=\"Cena de &quot;Do jeito que elas querem - O pr\u00f3ximo cap\u00edtulo&quot; \u2014 Foto: Divulga\u00e7\u00e3o\" src=\"https:\/\/www.europesays.com\/pt\/wp-content\/uploads\/2025\/12\/captura-de-tela-2025-10-12-as-07.09.57.png\" loading=\"lazy\" height=\"1620\" width=\"2430\"\/>  <\/p>\n<p> 10 de 10 <br \/>&#13;Cena de &#8220;Do jeito que elas querem &#8211; O pr\u00f3ximo cap\u00edtulo&#8221; \u2014 Foto: Divulga\u00e7\u00e3o <\/p>\n<p>     Pular    <\/p>\n<p> X de 10 <br \/>Publicidade <\/p>\n<p>Atriz vencedora do Oscar morreu aos 79 anos<\/p>\n<p class=\" content-text__container \" data-track-category=\"Link no Texto\" data-track-links=\"\"> Diane tamb\u00e9m comprou uma casa em Bel Air por um valor n\u00e3o divulgado. Ap\u00f3s reformas, ela vendeu a propriedade para um executivo do setor de tecnologia por US$ 16,5 milh\u00f5es. <\/p>\n<p class=\" content-text__container \" data-track-category=\"Link no Texto\" data-track-links=\"\"> Um terceiro im\u00f3vel, comprado pela atriz em Laguna Beach por US$ 7,5 milh\u00f5es, foi vendido dois anos depois por US$ 12,75 milh\u00f5es. <\/p>\n<p class=\" content-text__container \" data-track-category=\"Link no Texto\" data-track-links=\"\"> A atriz tamb\u00e9m reformou uma propriedade em Pacific Palisades e a vendeu por um pre\u00e7o que superou em US$ 1 milh\u00e3o, o valor pago inicialmente. <\/p>\n<p class=\" content-text__container \" data-track-category=\"Link no Texto\" data-track-links=\"\"> A causa da morte de Diane Keaton n\u00e3o foi divulgada. Segundo a imprensa americana, dois motivos acenderam o alerta de que algo n\u00e3o estava bem com a estrela: ela estava perdendo peso e tinha colocado \u00e0 venda sua casa, avaliada em US$ 29 milh\u00f5es, que ela costumava chamar de &#8220;a casa dos sonhos&#8221; e onde dizia que moraria de forma permanente. <\/p>\n","protected":false},"excerpt":{"rendered":"Diane Keaton residiu, durante grande parte da vida, numa &#8220;casa dos sonhos&#8221;, em Los Angeles, nos Estados Unidos.&hellip;\n","protected":false},"author":2,"featured_media":174279,"comment_status":"","ping_status":"","sticky":false,"template":"","format":"standard","meta":{"footnotes":""},"categories":[145],"tags":[211,210,114,115,235,3670,32,33],"class_list":{"0":"post-174278","1":"post","2":"type-post","3":"status-publish","4":"format-standard","5":"has-post-thumbnail","7":"category-celebridades","8":"tag-celebridades","9":"tag-celebrities","10":"tag-entertainment","11":"tag-entretenimento","12":"tag-estados-unidos","13":"tag-los-angeles","14":"tag-portugal","15":"tag-pt"},"share_on_mastodon":{"url":"https:\/\/pubeurope.com\/@pt\/115656162605735079","error":""},"_links":{"self":[{"href":"https:\/\/www.europesays.com\/pt\/wp-json\/wp\/v2\/posts\/174278","targetHints":{"allow":["GET"]}}],"collection":[{"href":"https:\/\/www.europesays.com\/pt\/wp-json\/wp\/v2\/posts"}],"about":[{"href":"https:\/\/www.europesays.com\/pt\/wp-json\/wp\/v2\/types\/post"}],"author":[{"embeddable":true,"href":"https:\/\/www.europesays.com\/pt\/wp-json\/wp\/v2\/users\/2"}],"replies":[{"embeddable":true,"href":"https:\/\/www.europesays.com\/pt\/wp-json\/wp\/v2\/comments?post=174278"}],"version-history":[{"count":0,"href":"https:\/\/www.europesays.com\/pt\/wp-json\/wp\/v2\/posts\/174278\/revisions"}],"wp:featuredmedia":[{"embeddable":true,"href":"https:\/\/www.europesays.com\/pt\/wp-json\/wp\/v2\/media\/174279"}],"wp:attachment":[{"href":"https:\/\/www.europesays.com\/pt\/wp-json\/wp\/v2\/media?parent=174278"}],"wp:term":[{"taxonomy":"category","embeddable":true,"href":"https:\/\/www.europesays.com\/pt\/wp-json\/wp\/v2\/categories?post=174278"},{"taxonomy":"post_tag","embeddable":true,"href":"https:\/\/www.europesays.com\/pt\/wp-json\/wp\/v2\/tags?post=174278"}],"curies":[{"name":"wp","href":"https:\/\/api.w.org\/{rel}","templated":true}]}}