{"id":174301,"date":"2025-12-03T15:07:10","date_gmt":"2025-12-03T15:07:10","guid":{"rendered":"https:\/\/www.europesays.com\/pt\/174301\/"},"modified":"2025-12-03T15:07:10","modified_gmt":"2025-12-03T15:07:10","slug":"trump-descreve-imigrantes-da-somalia-como-lixo-e-diz-que-nao-os-quer-nos-eua-eua","status":"publish","type":"post","link":"https:\/\/www.europesays.com\/pt\/174301\/","title":{"rendered":"Trump descreve imigrantes da Som\u00e1lia como \u201clixo\u201d e diz que \u201cn\u00e3o os quer\u201d nos EUA | EUA"},"content":{"rendered":"<p>Donald Trump, Presidente dos Estados Unidos, lan\u00e7ou na ter\u00e7a-feira um dur\u00edssimo ataque contra a comunidade somali no pa\u00eds, descrevendo os seus imigrantes como \u201clixo\u201d, afirmando que a Som\u00e1lia \u201cfede\u201d e declarando que o Governo norte-americano \u201cn\u00e3o os quer no pa\u00eds\u201d.<\/p>\n<p>Fazendo refer\u00eancia \u00e0s investiga\u00e7\u00f5es em curso sobre um esquema fraudulento envolvendo imigrantes somalis que resultou em perdas de milh\u00f5es de d\u00f3lares para o sistema de servi\u00e7os sociais do estado do Minnesota, Trump fez uma interven\u00e7\u00e3o inflamada contra a comunidade daquele pa\u00eds africano no final de uma reuni\u00e3o da sua Administra\u00e7\u00e3o.<\/p>\n<p>Acusando \u201cos somalis\u201d de terem \u201croubado milhares de milh\u00f5es de d\u00f3lares\u201d e de n\u00e3o \u201ccontribu\u00edrem com nada\u201d para os EUA, o Presidente republicano atirou: \u201cAlgu\u00e9m vai dizer que n\u00e3o \u00e9 politicamente correcto, mas n\u00e3o me importo. N\u00e3o os quero no nosso pa\u00eds. O pa\u00eds deles n\u00e3o \u00e9 bom por algum motivo. O pa\u00eds deles fede e n\u00e3o os queremos no nosso pa\u00eds.\u201d<\/p>\n<p>        &#13;<\/p>\n<p>&#13;<br \/>\n                &#13;\n            <\/p>\n<p>&#13;<\/p>\n<p>Para Trump, a Som\u00e1lia \u201cmal \u00e9 um pa\u00eds, n\u00e3o tem nada\u201d, n\u00e3o \u201ctem estrutura nenhuma\u201d e os seus cidad\u00e3os \u201candam por l\u00e1 a matar-se uns aos outros\u201d.<\/p>\n<p>Segundo o New York Times, a pol\u00edcia de estrangeiros e fronteiras dos EUA (ICE) intensificou os esfor\u00e7os para <a href=\"https:\/\/www.publico.pt\/2025\/11\/29\/mundo\/noticia\/nova-arquitectura-imigracao-eua-juizes-afastados-rusgas-bairros-ricos-escolas-vazias-2155921\" target=\"_blank\" rel=\"nofollow noopener\">deportar imigrantes<\/a> somalis residentes nas cidades de Mine\u00e1polis e St. Paul, onde reside o grosso da comunidade daquele pa\u00eds da \u00c1frica Oriental. A maioria dos cerca de 80 mil membros vive legalmente nos EUA e muitos s\u00e3o cidad\u00e3os norte-americanos.<\/p>\n<p>Continuando a usar linguagem desumanizadora e xen\u00f3foba, o chefe de Estado norte-americano aproveitou o tema para criticar a <a href=\"https:\/\/www.publico.pt\/2019\/07\/16\/mundo\/noticia\/the-squad-lugar-pais-trump-espaco-partido-democrata-1880127\" target=\"_blank\" rel=\"nofollow noopener\">congressista democrata Ilhan Omar<\/a>, que chegou aos EUA com 13 anos, com estatuto de refugiada, fugindo da guerra civil na Som\u00e1lia.<\/p>\n<p>\u201cO nosso pa\u00eds est\u00e1 num ponto de inflex\u00e3o (\u2026). Podemos seguir um caminho ou outro, e vamos seguir o caminho errado se continuarmos a aceitar lixo no nosso pa\u00eds. Ilhan Omar \u00e9 lixo. Ela \u00e9 lixo. Os amigos dela s\u00e3o lixo\u201d, disse Trump.<\/p>\n<p>Em v\u00e1rias ocasi\u00f5es, inclusivamente durante e depois do seu primeiro mandato presidencial, Trump afirmou que Omar, e outros pol\u00edticos democratas com ascend\u00eancia de outros pa\u00edses, deviam \u201cvoltar para a terra deles\u201d.<\/p>\n<p>Numa confer\u00eancia de imprensa na ter\u00e7a-feira, com outros autarcas, Jacob Frey, presidente democrata da C\u00e2mara de Mine\u00e1polis, deixou uma mensagem de apoio \u00e0 comunidade somali. \u201cN\u00f3s amamos-vos e estamos convosco. Esse compromisso \u00e9 s\u00f3lido como uma rocha\u201d, afirmou.<\/p>\n<p>Segundo o mayor daquela cidade, \u201cvisar os somalis\u201d pode significar que \u201co processo legal ser\u00e1 violado, que ser\u00e3o cometidos erros\u201d e que \u201ccidad\u00e3os americanos ser\u00e3o <a href=\"https:\/\/www.publico.pt\/2025\/09\/08\/mundo\/noticia\/etnia-sotaque-representam-suspeita-razoavel-detencao-eua-declara-supremo-2146430\" target=\"_blank\" rel=\"nofollow noopener\">detidos sem outro motivo al\u00e9m de parecerem somalis<\/a>\u201d.<\/p>\n<p>Citando motivos de seguran\u00e7a nacional, a Administra\u00e7\u00e3o Trump anunciou recentemente a suspens\u00e3o de todos os pedidos de imigra\u00e7\u00e3o de cidad\u00e3os oriundos da Som\u00e1lia e de outros 18 pa\u00edses n\u00e3o europeus.<\/p>\n<p>A medida lembra o ataque da semana passada <a href=\"https:\/\/www.publico.pt\/2025\/11\/28\/mundo\/noticia\/trump-confirma-morte-militares-guarda-nacional-baleado-perto-casa-branca-2156340\" target=\"_blank\" rel=\"nofollow noopener\">contra soldados da Guarda Nacional,<\/a> em Washington D.C., que fez um morto, e que resultou na deten\u00e7\u00e3o de uma pessoa de nacionalidade afeg\u00e3.<\/p>\n","protected":false},"excerpt":{"rendered":"Donald Trump, Presidente dos Estados Unidos, lan\u00e7ou na ter\u00e7a-feira um dur\u00edssimo ataque contra a comunidade somali no pa\u00eds,&hellip;\n","protected":false},"author":2,"featured_media":174302,"comment_status":"","ping_status":"","sticky":false,"template":"","format":"standard","meta":{"footnotes":""},"categories":[50],"tags":[7809,27,28,92,413,15,16,14,1481,25,26,21,22,62,12,13,19,20,23,24,11099,26466,17,18,29,30,31,63,64,65],"class_list":{"0":"post-174301","1":"post","2":"type-post","3":"status-publish","4":"format-standard","5":"has-post-thumbnail","7":"category-mundo","8":"tag-america-do-norte","9":"tag-breaking-news","10":"tag-breakingnews","11":"tag-donald-trump","12":"tag-eua","13":"tag-featured-news","14":"tag-featurednews","15":"tag-headlines","16":"tag-imigracao","17":"tag-latest-news","18":"tag-latestnews","19":"tag-main-news","20":"tag-mainnews","21":"tag-mundo","22":"tag-news","23":"tag-noticias","24":"tag-noticias-principais","25":"tag-noticiasprincipais","26":"tag-principais-noticias","27":"tag-principaisnoticias","28":"tag-racismo","29":"tag-somalia","30":"tag-top-stories","31":"tag-topstories","32":"tag-ultimas","33":"tag-ultimas-noticias","34":"tag-ultimasnoticias","35":"tag-world","36":"tag-world-news","37":"tag-worldnews"},"share_on_mastodon":{"url":"https:\/\/pubeurope.com\/@pt\/115656264466826398","error":""},"_links":{"self":[{"href":"https:\/\/www.europesays.com\/pt\/wp-json\/wp\/v2\/posts\/174301","targetHints":{"allow":["GET"]}}],"collection":[{"href":"https:\/\/www.europesays.com\/pt\/wp-json\/wp\/v2\/posts"}],"about":[{"href":"https:\/\/www.europesays.com\/pt\/wp-json\/wp\/v2\/types\/post"}],"author":[{"embeddable":true,"href":"https:\/\/www.europesays.com\/pt\/wp-json\/wp\/v2\/users\/2"}],"replies":[{"embeddable":true,"href":"https:\/\/www.europesays.com\/pt\/wp-json\/wp\/v2\/comments?post=174301"}],"version-history":[{"count":0,"href":"https:\/\/www.europesays.com\/pt\/wp-json\/wp\/v2\/posts\/174301\/revisions"}],"wp:featuredmedia":[{"embeddable":true,"href":"https:\/\/www.europesays.com\/pt\/wp-json\/wp\/v2\/media\/174302"}],"wp:attachment":[{"href":"https:\/\/www.europesays.com\/pt\/wp-json\/wp\/v2\/media?parent=174301"}],"wp:term":[{"taxonomy":"category","embeddable":true,"href":"https:\/\/www.europesays.com\/pt\/wp-json\/wp\/v2\/categories?post=174301"},{"taxonomy":"post_tag","embeddable":true,"href":"https:\/\/www.europesays.com\/pt\/wp-json\/wp\/v2\/tags?post=174301"}],"curies":[{"name":"wp","href":"https:\/\/api.w.org\/{rel}","templated":true}]}}