{"id":174312,"date":"2025-12-03T15:22:12","date_gmt":"2025-12-03T15:22:12","guid":{"rendered":"https:\/\/www.europesays.com\/pt\/174312\/"},"modified":"2025-12-03T15:22:12","modified_gmt":"2025-12-03T15:22:12","slug":"malasia-retoma-buscas-11-anos-depois","status":"publish","type":"post","link":"https:\/\/www.europesays.com\/pt\/174312\/","title":{"rendered":"Mal\u00e1sia retoma buscas 11 anos depois"},"content":{"rendered":"<p>A Mal\u00e1sia vai retomar, j\u00e1 no final do ano, as buscas pelo desaparecido voo MH370 da Malaysia Airlines, quase <strong>11 anos<\/strong> depois de o avi\u00e3o ter sumido dos radares com <strong>239 pessoas a bordo<\/strong>. A decis\u00e3o foi anunciada esta quarta-feira pelo Minist\u00e9rio dos Transportes, que confirmou uma nova opera\u00e7\u00e3o conjunta com a empresa Ocean Infinity.<\/p>\n<p>Segundo o comunicado, a miss\u00e3o arrancar\u00e1 <strong>a 30 de dezembro<\/strong> e dever\u00e1 prolongar-se por <strong>55 dias<\/strong>, com per\u00edodos intermitentes, numa zona do sul do Oceano \u00cdndico considerada a de <strong>maior probabilidade<\/strong> para localizar os destro\u00e7os.<\/p>\n<p>A Ocean Infinity, empresa norte-americana e brit\u00e2nica especializada em rob\u00f3tica submarina, tem colaborado nas buscas desde 2018 e garante possuir agora dados \u201cconfi\u00e1veis\u201d que apontam para uma \u00e1rea que ter\u00e1 sido <strong>\u201cignorad<\/strong><strong>\ufeffa<\/strong><strong>\u201d em opera<\/strong><strong>\u00e7\u00f5es anteriores<\/strong>.<\/p>\n<p>O desaparecimento do MH370, em <strong>8 de mar\u00e7o de 2014<\/strong>, continua a ser um dos maiores mist\u00e9rios da avia\u00e7\u00e3o moderna. O Boeing 777 perdeu contacto cerca de 40 minutos ap\u00f3s descolar de Kuala Lumpur rumo a Pequim, desviando-se depois \u2014 por raz\u00f5es ainda desconhecidas \u2014 para o sul do \u00cdndico.<\/p>\n<p>A bordo seguiam passageiros de v\u00e1rias nacionalidades, incluindo <strong>153 chineses, 50 malaios, sete indon\u00e9sios, seis australianos, cinco indianos e quatro franceses<\/strong>, entre outros. As primeiras buscas, conduzidas por Mal\u00e1sia, China e Austr\u00e1lia, percorreram <strong>120 mil km\u00b2<\/strong> sem resultados. Em 2018, a Ocean Infinity vasculhou mais <strong>100 mil km\u00b2<\/strong>, igualmente sem sucesso.<\/p>\n<p>O Governo malaio chegou a admitir, em abril deste ano, que a opera\u00e7\u00e3o estava suspensa por n\u00e3o ser \u201ca \u00e9poca ideal\u201d, mas deixou em aberto a possibilidade de retomar os trabalhos \u2014 agora confirmada.<\/p>\n<p>A nova fase da miss\u00e3o reacende as esperan\u00e7as de finalmente descobrir o paradeiro do avi\u00e3o e dar respostas \u00e0s fam\u00edlias das v\u00edtimas, que h\u00e1 mais de uma d\u00e9cada aguardam esclarecimentos sobre o que realmente aconteceu ao voo MH370.<\/p>\n","protected":false},"excerpt":{"rendered":"A Mal\u00e1sia vai retomar, j\u00e1 no final do ano, as buscas pelo desaparecido voo MH370 da Malaysia Airlines,&hellip;\n","protected":false},"author":2,"featured_media":174313,"comment_status":"","ping_status":"","sticky":false,"template":"","format":"standard","meta":{"footnotes":""},"categories":[50],"tags":[1310,27,28,15,16,14,25,26,21,22,36295,7718,62,12,13,19,20,23,24,17,18,29,30,31,5226,36296,63,64,65],"class_list":{"0":"post-174312","1":"post","2":"type-post","3":"status-publish","4":"format-standard","5":"has-post-thumbnail","7":"category-mundo","8":"tag-aviacao","9":"tag-breaking-news","10":"tag-breakingnews","11":"tag-featured-news","12":"tag-featurednews","13":"tag-headlines","14":"tag-latest-news","15":"tag-latestnews","16":"tag-main-news","17":"tag-mainnews","18":"tag-malaysia-airlines","19":"tag-misterio","20":"tag-mundo","21":"tag-news","22":"tag-noticias","23":"tag-noticias-principais","24":"tag-noticiasprincipais","25":"tag-principais-noticias","26":"tag-principaisnoticias","27":"tag-top-stories","28":"tag-topstories","29":"tag-ultimas","30":"tag-ultimas-noticias","31":"tag-ultimasnoticias","32":"tag-voo","33":"tag-voo-mh370","34":"tag-world","35":"tag-world-news","36":"tag-worldnews"},"share_on_mastodon":{"url":"https:\/\/pubeurope.com\/@pt\/115656323585548908","error":""},"_links":{"self":[{"href":"https:\/\/www.europesays.com\/pt\/wp-json\/wp\/v2\/posts\/174312","targetHints":{"allow":["GET"]}}],"collection":[{"href":"https:\/\/www.europesays.com\/pt\/wp-json\/wp\/v2\/posts"}],"about":[{"href":"https:\/\/www.europesays.com\/pt\/wp-json\/wp\/v2\/types\/post"}],"author":[{"embeddable":true,"href":"https:\/\/www.europesays.com\/pt\/wp-json\/wp\/v2\/users\/2"}],"replies":[{"embeddable":true,"href":"https:\/\/www.europesays.com\/pt\/wp-json\/wp\/v2\/comments?post=174312"}],"version-history":[{"count":0,"href":"https:\/\/www.europesays.com\/pt\/wp-json\/wp\/v2\/posts\/174312\/revisions"}],"wp:featuredmedia":[{"embeddable":true,"href":"https:\/\/www.europesays.com\/pt\/wp-json\/wp\/v2\/media\/174313"}],"wp:attachment":[{"href":"https:\/\/www.europesays.com\/pt\/wp-json\/wp\/v2\/media?parent=174312"}],"wp:term":[{"taxonomy":"category","embeddable":true,"href":"https:\/\/www.europesays.com\/pt\/wp-json\/wp\/v2\/categories?post=174312"},{"taxonomy":"post_tag","embeddable":true,"href":"https:\/\/www.europesays.com\/pt\/wp-json\/wp\/v2\/tags?post=174312"}],"curies":[{"name":"wp","href":"https:\/\/api.w.org\/{rel}","templated":true}]}}