{"id":174318,"date":"2025-12-03T15:28:09","date_gmt":"2025-12-03T15:28:09","guid":{"rendered":"https:\/\/www.europesays.com\/pt\/174318\/"},"modified":"2025-12-03T15:28:09","modified_gmt":"2025-12-03T15:28:09","slug":"susana-dias-ramos-emociona-com-partilha-pessoal-fui-eu-que-escolhi-partir","status":"publish","type":"post","link":"https:\/\/www.europesays.com\/pt\/174318\/","title":{"rendered":"Susana Dias Ramos emociona com partilha pessoal: \u00abFui eu que escolhi partir&#8230;\u00bb"},"content":{"rendered":"<p data-end=\"786\" data-start=\"271\"><strong>Susana Dias Ramos voltou a comover os seguidores<\/strong> com uma das suas j\u00e1 conhecidas \u201cCartas da Su\u201d, publicadas nas redes sociais. <strong>No dia 2 de dezembro, a sex\u00f3loga, psicoterapeuta e comentadora televisiva partilhou um texto profundamente pessoal<\/strong>, onde reflete sobre a dist\u00e2ncia da fam\u00edlia, o peso das aus\u00eancias e o significado do regresso a casa durante a \u00e9poca natal\u00edcia. <strong>A publica\u00e7\u00e3o rapidamente se tornou viral, pela sensibilidade e pela forma como descreve a realidade de tantos portugueses que vivem longe dos seus.<\/strong><\/p>\n<p data-end=\"1538\" data-start=\"788\">No texto, Susana Dias Ramos escreve: <strong>\u00abFui eu que escolhi partir, mas nunca escolhi deixar de vos ter por perto. A dist\u00e2ncia \u00e9 isto: um sil\u00eancio que pesa, uma aus\u00eancia que d\u00f3i, um amor que n\u00e3o acomoda no peito, s\u00f3 cresce\u2026\u00bb.<\/strong> A sex\u00f3loga admite que a proximidade do Natal intensifica emo\u00e7\u00f5es e mem\u00f3rias, recordando a mesa cheia, os familiares, os cheiros e a sensa\u00e7\u00e3o agridoce de voltar mudada a um lugar que permanece igual. <strong>\u00abQuem parte fica dividido. Metade aqui\u2026 metade a\u00ed\u00bb<\/strong>, confessa. Na mensagem, descreve o reencontro esperado: <strong>\u00abO abra\u00e7o que esperei o ano inteiro. As l\u00e1grimas que guardei para n\u00e3o preocupar ningu\u00e9m.\u00bb<\/strong> E termina com um desejo para todos os que vivem longe dos seus: <strong>\u00abO amor n\u00e3o se perde com a dist\u00e2ncia. S\u00f3 fica mais urgente.\u00bb<\/strong><\/p>\n<p data-end=\"2198\" data-start=\"1540\">Para al\u00e9m das partilhas emocionais que lhe s\u00e3o caracter\u00edsticas, <strong>Susana Dias Ramos construiu uma carreira s\u00f3lida na \u00e1rea da psicologia e da terapia de casal<\/strong>.<strong> <\/strong>Formada em Psicologia, com especializa\u00e7\u00e3o em terapia sexual e de relacionamento, tornou-se uma das profissionais mais reconhecidas do pa\u00eds nesta \u00e1rea. \u00c9 autora de livros sobre relacionamentos e intimidade e ganhou notoriedade na televis\u00e3o como comentadora de reality shows da TVI, onde se destacou pelo discurso direto, emp\u00e1tico e tecnicamente fundamentado. <strong>Mais recentemente, a sex\u00f3loga abra\u00e7ou o desafio de apresentar o programa Segredos do Prazer, no V+.<\/strong> Paralelamente, mant\u00e9m atividade cl\u00ednica, conduz workshops e participa frequentemente em debates sobre sa\u00fade emocional, sexualidade e bem-estar.<\/p>\n<p data-end=\"2505\" data-start=\"2200\"><strong>A autenticidade das suas publica\u00e7\u00f5es, como esta carta, \u00e9 um dos motivos pelos quais Susana Dias Ramos re\u00fane uma comunidade t\u00e3o fiel nas redes sociais. <\/strong>No in\u00edcio da \u00e9poca natal\u00edcia, a sex\u00f3loga deixou mais uma reflex\u00e3o que tocou milhares de pessoas &#8211; um lembrete de que a dist\u00e2ncia d\u00f3i, mas o amor persiste.<\/p>\n<p data-end=\"2505\" data-start=\"2200\">Casada h\u00e1 11 anos, Susana Dias Ramos partilhou o segredo para uma rela\u00e7\u00e3o duradoura e feliz.<\/p>\n<p>Veja algumas das melhores fotos do casal, na galeria que prepar\u00e1mos para si, em cima.<\/p>\n","protected":false},"excerpt":{"rendered":"Susana Dias Ramos voltou a comover os seguidores com uma das suas j\u00e1 conhecidas \u201cCartas da Su\u201d, publicadas&hellip;\n","protected":false},"author":2,"featured_media":174319,"comment_status":"","ping_status":"","sticky":false,"template":"","format":"standard","meta":{"footnotes":""},"categories":[142],"tags":[73,2642,72,66,114,115,77,69,75,71,67,32,33,4156,76,74,70,23734,35,151,9345,78,68],"class_list":{"0":"post-174318","1":"post","2":"type-post","3":"status-publish","4":"format-standard","5":"has-post-thumbnail","7":"category-tv","8":"tag-a-jornada","9":"tag-amor","10":"tag-bate-bola","11":"tag-bom-dia-alegria","12":"tag-entertainment","13":"tag-entretenimento","14":"tag-estudio-estadio","15":"tag-fanaticos","16":"tag-livre-e-direto","17":"tag-nova-geracao","18":"tag-para-si","19":"tag-portugal","20":"tag-pt","21":"tag-relacoes","22":"tag-segredos-do-prazer","23":"tag-segue-o-jogo","24":"tag-super-craques","25":"tag-susana-dias-ramos","26":"tag-transferencias","27":"tag-tv","28":"tag-v","29":"tag-v-fama","30":"tag-var-aberto"},"share_on_mastodon":{"url":"https:\/\/pubeurope.com\/@pt\/115656347030476741","error":""},"_links":{"self":[{"href":"https:\/\/www.europesays.com\/pt\/wp-json\/wp\/v2\/posts\/174318","targetHints":{"allow":["GET"]}}],"collection":[{"href":"https:\/\/www.europesays.com\/pt\/wp-json\/wp\/v2\/posts"}],"about":[{"href":"https:\/\/www.europesays.com\/pt\/wp-json\/wp\/v2\/types\/post"}],"author":[{"embeddable":true,"href":"https:\/\/www.europesays.com\/pt\/wp-json\/wp\/v2\/users\/2"}],"replies":[{"embeddable":true,"href":"https:\/\/www.europesays.com\/pt\/wp-json\/wp\/v2\/comments?post=174318"}],"version-history":[{"count":0,"href":"https:\/\/www.europesays.com\/pt\/wp-json\/wp\/v2\/posts\/174318\/revisions"}],"wp:featuredmedia":[{"embeddable":true,"href":"https:\/\/www.europesays.com\/pt\/wp-json\/wp\/v2\/media\/174319"}],"wp:attachment":[{"href":"https:\/\/www.europesays.com\/pt\/wp-json\/wp\/v2\/media?parent=174318"}],"wp:term":[{"taxonomy":"category","embeddable":true,"href":"https:\/\/www.europesays.com\/pt\/wp-json\/wp\/v2\/categories?post=174318"},{"taxonomy":"post_tag","embeddable":true,"href":"https:\/\/www.europesays.com\/pt\/wp-json\/wp\/v2\/tags?post=174318"}],"curies":[{"name":"wp","href":"https:\/\/api.w.org\/{rel}","templated":true}]}}