{"id":174328,"date":"2025-12-03T15:37:26","date_gmt":"2025-12-03T15:37:26","guid":{"rendered":"https:\/\/www.europesays.com\/pt\/174328\/"},"modified":"2025-12-03T15:37:26","modified_gmt":"2025-12-03T15:37:26","slug":"papa-diz-que-declaracoes-de-trump-sao-muito-incoerentes-observador","status":"publish","type":"post","link":"https:\/\/www.europesays.com\/pt\/174328\/","title":{"rendered":"Papa diz que declara\u00e7\u00f5es de Trump s\u00e3o &#8220;muito incoerentes&#8221; \u2013 Observador"},"content":{"rendered":"<p>O Papa Le\u00e3o XIV sugeriu, esta ter\u00e7a-feira. que os Estados Unidos priorizem \u201co di\u00e1logo\u201d com a Venezuela em vez de uma invas\u00e3o, no contexto das crescentes tens\u00f5es bilaterais devido \u00e0s opera\u00e7\u00f5es antidroga das tropas norte-americanas no mar das Cara\u00edbas.<\/p>\n<p>\u201c\u00c9 prefer\u00edvel privilegiar o di\u00e1logo, eventualmente a press\u00e3o, incluindo a econ\u00f3mica, mas procurar outra forma de promover a mudan\u00e7a, se for essa a decis\u00e3o dos Estados Unidos\u201d, declarou o Papa norte-americano numa confer\u00eancia de imprensa a bordo do avi\u00e3o que o levava de volta ao Vaticano ap\u00f3s uma visita ao L\u00edbano.<\/p>\n<p>\u201c<strong>As declara\u00e7\u00f5es procedentes dos Estados Unidos s\u00e3o muito incoerentes.<\/strong> Por um lado, parece que houve uma conversa telef\u00f3nica entre os dois Presidentes. Por outro lado, h\u00e1 este risco, esta possibilidade de uma a\u00e7\u00e3o, de uma opera\u00e7\u00e3o, incluindo a invas\u00e3o do territ\u00f3rio venezuelano\u201d, acrescentou Le\u00e3o XIV, sublinhando n\u00e3o saber mais pormenores.<\/p>\n<p>\u201cNo \u00e2mbito da confer\u00eancia episcopal, (\u2026) estamos a procurar formas de apaziguar a situa\u00e7\u00e3o\u201d para o \u201cbem-estar do povo\u201d, indicou o l\u00edder de 1,4 mil milh\u00f5es de cat\u00f3licos, especificando que \u00e9 sobretudo a popula\u00e7\u00e3o \u201cque sofre em tais situa\u00e7\u00f5es, n\u00e3o as autoridades\u201d.<\/p>\n<p>Desde 01 de setembro, os Estados Unidos (EUA) iniciaram no mar das Cara\u00edbas e no oceano Pac\u00edfico, depois de para ali deslocarem navios de guerra e for\u00e7as militares, uma opera\u00e7\u00e3o de combate ao tr\u00e1fico de droga, bombardeando e afundando embarca\u00e7\u00f5es suspeitas de \u201cnarcoterrorismo\u201d. O balan\u00e7o \u00e9, at\u00e9 agora, de 82 mortos.<\/p>\n<p>O Presidente norte-americano, Donald Trump, justificou a opera\u00e7\u00e3o afirmando tratar-se de uma quest\u00e3o de seguran\u00e7a nacional e acusou o hom\u00f3logo venezuelano, Nicol\u00e1s Maduro, de dirigir um cartel de droga.<\/p>\n<p>Caracas negou e respondeu que o objetivo de Washington \u00e9 derrubar o Presidente venezuelano e \u201cdeitar a m\u00e3o\u201d ao petr\u00f3leo do pa\u00eds latino-americano.<\/p>\n","protected":false},"excerpt":{"rendered":"O Papa Le\u00e3o XIV sugeriu, esta ter\u00e7a-feira. que os Estados Unidos priorizem \u201co di\u00e1logo\u201d com a Venezuela em&hellip;\n","protected":false},"author":2,"featured_media":174329,"comment_status":"","ping_status":"","sticky":false,"template":"","format":"standard","meta":{"footnotes":""},"categories":[50],"tags":[624,27,28,623,445,15,16,14,5687,4506,25,26,21,22,62,12,13,19,20,5686,23,24,313,58,17,18,29,30,31,5598,3023,63,64,65],"class_list":{"0":"post-174328","1":"post","2":"type-post","3":"status-publish","4":"format-standard","5":"has-post-thumbnail","7":"category-mundo","8":"tag-amu00e9rica","9":"tag-breaking-news","10":"tag-breakingnews","11":"tag-estados-unidos-da-amu00e9rica","12":"tag-europa","13":"tag-featured-news","14":"tag-featurednews","15":"tag-headlines","16":"tag-igreja-catu00f3lica","17":"tag-itu00e1lia","18":"tag-latest-news","19":"tag-latestnews","20":"tag-main-news","21":"tag-mainnews","22":"tag-mundo","23":"tag-news","24":"tag-noticias","25":"tag-noticias-principais","26":"tag-noticiasprincipais","27":"tag-papa-leu00e3o-xiv","28":"tag-principais-noticias","29":"tag-principaisnoticias","30":"tag-religiu00e3o","31":"tag-sociedade","32":"tag-top-stories","33":"tag-topstories","34":"tag-ultimas","35":"tag-ultimas-noticias","36":"tag-ultimasnoticias","37":"tag-vaticano","38":"tag-venezuela","39":"tag-world","40":"tag-world-news","41":"tag-worldnews"},"share_on_mastodon":{"url":"","error":"Validation failed: Text character limit of 500 exceeded"},"_links":{"self":[{"href":"https:\/\/www.europesays.com\/pt\/wp-json\/wp\/v2\/posts\/174328","targetHints":{"allow":["GET"]}}],"collection":[{"href":"https:\/\/www.europesays.com\/pt\/wp-json\/wp\/v2\/posts"}],"about":[{"href":"https:\/\/www.europesays.com\/pt\/wp-json\/wp\/v2\/types\/post"}],"author":[{"embeddable":true,"href":"https:\/\/www.europesays.com\/pt\/wp-json\/wp\/v2\/users\/2"}],"replies":[{"embeddable":true,"href":"https:\/\/www.europesays.com\/pt\/wp-json\/wp\/v2\/comments?post=174328"}],"version-history":[{"count":0,"href":"https:\/\/www.europesays.com\/pt\/wp-json\/wp\/v2\/posts\/174328\/revisions"}],"wp:featuredmedia":[{"embeddable":true,"href":"https:\/\/www.europesays.com\/pt\/wp-json\/wp\/v2\/media\/174329"}],"wp:attachment":[{"href":"https:\/\/www.europesays.com\/pt\/wp-json\/wp\/v2\/media?parent=174328"}],"wp:term":[{"taxonomy":"category","embeddable":true,"href":"https:\/\/www.europesays.com\/pt\/wp-json\/wp\/v2\/categories?post=174328"},{"taxonomy":"post_tag","embeddable":true,"href":"https:\/\/www.europesays.com\/pt\/wp-json\/wp\/v2\/tags?post=174328"}],"curies":[{"name":"wp","href":"https:\/\/api.w.org\/{rel}","templated":true}]}}