{"id":174330,"date":"2025-12-03T15:38:08","date_gmt":"2025-12-03T15:38:08","guid":{"rendered":"https:\/\/www.europesays.com\/pt\/174330\/"},"modified":"2025-12-03T15:38:08","modified_gmt":"2025-12-03T15:38:08","slug":"carneiro-desvaloriza-escutas-e-nega-que-tenha-pedido-favores-2","status":"publish","type":"post","link":"https:\/\/www.europesays.com\/pt\/174330\/","title":{"rendered":"Carneiro desvaloriza escutas e nega que tenha pedido favores"},"content":{"rendered":"<p>                &#8220;Recomendar o perfil de pessoas para desempenhar fun\u00e7\u00f5es para quem est\u00e1 na vida p\u00fablica, na vida c\u00edvica, na vida pol\u00edtica, f\u00e1-lo, n\u00e3o todos os dias, mas com muita regularidade. Eu era, na altura, secret\u00e1rio-geral adjunto do PS e, portanto, era uma pr\u00e1tica muito regular no desempenho de fun\u00e7\u00f5es, ou seja, recomendar perfis de pessoas para desempenhar fun\u00e7\u00f5es&#8221;, disse Jos\u00e9 Lu\u00eds Carneiro.<\/p>\n<p>&#13;<br \/>\nCom o t\u00edtulo &#8220;As cunhas de Jos\u00e9 Lu\u00eds Carneiro e Manuel Pizarro&#8221;, a revista S\u00e1bado revela hoje escutas realizadas no \u00e2mbito da Opera\u00e7\u00e3o Influencer e numa das quais \u00e9 descrito que Jos\u00e9 Lu\u00eds Carneiro ter\u00e1 pedido emprego ao ent\u00e3o ministro do Ambiente, Matos Fernandes, para o ex-deputado e ex-autarca de Aljustrel Nelson Brito.&#13;\n<\/p>\n<p>&#13;<br \/>\nQuestionado sobre se pediu um favor, o secret\u00e1rio-geral do PS respondeu: &#8220;N\u00e3o, com certeza que n\u00e3o&#8221;.&#13;\n<\/p>\n<p>&#13;<br \/>\nQuanto a ter sido escutado, o l\u00edder dos socialistas, que falava aos jornalistas no Hospital de S\u00e3o Jo\u00e3o, no Porto, onde foi visitar o Presidente da Rep\u00fablica internado ap\u00f3s ter sido operado a uma h\u00e9rnia, desvalorizou.&#13;\n<\/p>\n<p>&#13;<br \/>\n&#8220;N\u00e3o sabia, mas tamb\u00e9m n\u00e3o vejo qualquer gravidade especial nisso&#8221;, disse.&#13;<\/p>\n","protected":false},"excerpt":{"rendered":"&#8220;Recomendar o perfil de pessoas para desempenhar fun\u00e7\u00f5es para quem est\u00e1 na vida p\u00fablica, na vida c\u00edvica, na&hellip;\n","protected":false},"author":2,"featured_media":174331,"comment_status":"","ping_status":"","sticky":false,"template":"","format":"standard","meta":{"footnotes":""},"categories":[10],"tags":[27,28,15,16,14,25,26,21,22,12,13,19,20,32,23,24,33,420,421,17,18,29,30,31],"class_list":{"0":"post-174330","1":"post","2":"type-post","3":"status-publish","4":"format-standard","5":"has-post-thumbnail","7":"category-portugal","8":"tag-breaking-news","9":"tag-breakingnews","10":"tag-featured-news","11":"tag-featurednews","12":"tag-headlines","13":"tag-latest-news","14":"tag-latestnews","15":"tag-main-news","16":"tag-mainnews","17":"tag-news","18":"tag-noticias","19":"tag-noticias-principais","20":"tag-noticiasprincipais","21":"tag-portugal","22":"tag-principais-noticias","23":"tag-principaisnoticias","24":"tag-pt","25":"tag-rtp","26":"tag-rtp-noticias","27":"tag-top-stories","28":"tag-topstories","29":"tag-ultimas","30":"tag-ultimas-noticias","31":"tag-ultimasnoticias"},"share_on_mastodon":{"url":"https:\/\/pubeurope.com\/@pt\/115656386456692432","error":""},"_links":{"self":[{"href":"https:\/\/www.europesays.com\/pt\/wp-json\/wp\/v2\/posts\/174330","targetHints":{"allow":["GET"]}}],"collection":[{"href":"https:\/\/www.europesays.com\/pt\/wp-json\/wp\/v2\/posts"}],"about":[{"href":"https:\/\/www.europesays.com\/pt\/wp-json\/wp\/v2\/types\/post"}],"author":[{"embeddable":true,"href":"https:\/\/www.europesays.com\/pt\/wp-json\/wp\/v2\/users\/2"}],"replies":[{"embeddable":true,"href":"https:\/\/www.europesays.com\/pt\/wp-json\/wp\/v2\/comments?post=174330"}],"version-history":[{"count":0,"href":"https:\/\/www.europesays.com\/pt\/wp-json\/wp\/v2\/posts\/174330\/revisions"}],"wp:featuredmedia":[{"embeddable":true,"href":"https:\/\/www.europesays.com\/pt\/wp-json\/wp\/v2\/media\/174331"}],"wp:attachment":[{"href":"https:\/\/www.europesays.com\/pt\/wp-json\/wp\/v2\/media?parent=174330"}],"wp:term":[{"taxonomy":"category","embeddable":true,"href":"https:\/\/www.europesays.com\/pt\/wp-json\/wp\/v2\/categories?post=174330"},{"taxonomy":"post_tag","embeddable":true,"href":"https:\/\/www.europesays.com\/pt\/wp-json\/wp\/v2\/tags?post=174330"}],"curies":[{"name":"wp","href":"https:\/\/api.w.org\/{rel}","templated":true}]}}