{"id":174344,"date":"2025-12-03T15:49:13","date_gmt":"2025-12-03T15:49:13","guid":{"rendered":"https:\/\/www.europesays.com\/pt\/174344\/"},"modified":"2025-12-03T15:49:13","modified_gmt":"2025-12-03T15:49:13","slug":"este-telefone-esta-a-bater-recordes-de-vendas-e-a-fazer-mexer-o-mercado-de-smartphones","status":"publish","type":"post","link":"https:\/\/www.europesays.com\/pt\/174344\/","title":{"rendered":"Este telefone est\u00e1 a bater recordes de vendas e a fazer mexer o mercado de smartphones"},"content":{"rendered":"<p class=\"leading\">\n                O mercado de smartphones est\u00e1 a registar um crescimento inesperado, gra\u00e7as ao sucesso de uma conhecida s\u00e9rie que est\u00e1 a bater recordes de vendas.            <\/p>\n<p>        <img decoding=\"async\" alt=\"iPhone 17 Pro Max\" height=\"900\" src=\"https:\/\/www.europesays.com\/pt\/wp-content\/uploads\/2025\/12\/iphone-17-pro-max-designer-credito-bruno-coelho.jpg\" width=\"1600\" fetchpriority=\"high\"\/>Sucesso do iPhone 17 leva a crescimento maior de mercado de smartphones<\/p>\n<p>Ainda que o <a href=\"https:\/\/4gnews.pt\/iphone-17-air-vende-mal-mas-este-iphone-vende-como-pao-quente\/\" rel=\"nofollow noopener\" target=\"_blank\">iPhone 17 Air<\/a> esteja a ficar aqu\u00e9m das expetativas, os restantes modelos <a href=\"https:\/\/4gnews.pt\/iphone-17-review\/\" rel=\"nofollow noopener\" target=\"_blank\">iPhone 17<\/a> est\u00e3o a vender que nem castanhas quentes. E o sucesso \u00e9 tanto que at\u00e9 est\u00e1 a fazer crescer o mercado de smartphones mais do que era esperado.<\/p>\n<p>Esta \u00e9 a conclus\u00e3o do <a href=\"https:\/\/my.idc.com\/getdoc.jsp?containerId=prUS53965725\" rel=\"nofollow noopener\" target=\"_blank\">novo relat\u00f3rio da IDC<\/a> que j\u00e1 alterou a sua previs\u00e3o de crescimento para o mercado de smartphones de 1% para 1,5%, com a venda de 1,25 mil milh\u00f5es de unidades.<\/p>\n<p>De acordo com a mesma empresa de consultoria, o iPhone 17 \u00e9 um dos grandes respons\u00e1veis deste crescimento, com a Apple a registar vendas recordes de 247,4 milh\u00f5es de iPhones em 2025. Tal traduz-se num aumento de 6,1% face \u00e0s vendas registadas em 2024.<\/p>\n<p>E, ao contr\u00e1rio do que se pensava, a s\u00e9rie iPhone 17 tem-se dado muito bem na China. Avan\u00e7a a IDC que a Apple conseguiu ser l\u00edder de vendas com o iPhone 17 tanto em outubro como em novembro. Melhor: obteve 20% de quota de mercado, superando toda a concorr\u00eancia. Tamb\u00e9m na Europa Ocidental e nos EUA, a Apple conseguiu reverter as previs\u00f5es com a obten\u00e7\u00e3o de melhores resultados em vendas.<\/p>\n<p>Estrat\u00e9gia da Apple pode levar a um cen\u00e1rio diferente em 2026<\/p>\n<p>Mas ainda que esteja a dar boas not\u00edcias \u00e0 Apple, a IDC tra\u00e7a tamb\u00e9m um futuro menos animador para a empresa de Tim Cook. A empresa prev\u00ea que, em 2026, as vendas da Apple sofram uma queda de 4,2%.<\/p>\n<p>E a IDC at\u00e9 aponta a raz\u00e3o para essa queda. A consultora aponta a responsabilidade ao novo cronograma de lan\u00e7amento da Apple para o pr\u00f3ximo ano. Recorde-se que em setembro de 2026, a empresa vai lan\u00e7ar o iPhone 18 Pro e Pro Max, juntamente com o primeiro smartphone dobr\u00e1vel.<\/p>\n<p>Mas s\u00f3 na primavera de 2027 \u00e9 que vai disponibilizar o modelo base iPhone 18. Diz a IDC que essa estrat\u00e9gia divisora de lan\u00e7amentos vai prejudicar a receita da empresa. Por outro lado, a escassez de mem\u00f3ria RAM e o aumento generalizado de pre\u00e7os dos smartphones tamb\u00e9m v\u00e3o ter uma influ\u00eancia negativa.<\/p>\n<p><a href=\"https:\/\/amzn.to\/443VaZB\" target=\"_blank\" rel=\"nofollow noreferrer noopener\"><img decoding=\"async\" alt=\"iPhone 17\" height=\"488\" width=\"650\" class=\"lazyload\" src=\"https:\/\/www.europesays.com\/pt\/wp-content\/uploads\/2025\/12\/iphone-17-31ci0akc3ll-sl500-0.jpg\" loading=\"lazy\"\/><\/a><\/p>\n<p><a class=\"affiliate-title\" href=\"https:\/\/amzn.to\/443VaZB\" target=\"_blank\" rel=\"nofollow noreferrer noopener\">iPhone 17<\/a>Ecr\u00e3 de 6,3&#8243; com ProMotion, c\u00e2mara de 48 MP, autonomia at\u00e9 30h, resistente a riscos<\/p>\n<p><a href=\"https:\/\/amzn.to\/44FLbJZ\" target=\"_blank\" rel=\"nofollow noreferrer noopener\"><img decoding=\"async\" alt=\"Apple iPhone 17 Pro 256 GB\" height=\"488\" width=\"650\" class=\"lazyload\" src=\"https:\/\/www.europesays.com\/pt\/wp-content\/uploads\/2025\/12\/apple-iphone-17-pro-256-gb-31hnro1smml-sl500.jpg\" loading=\"lazy\"\/><\/a><\/p>\n<p><a href=\"https:\/\/amzn.to\/4p8VPkO\" target=\"_blank\" rel=\"nofollow noreferrer noopener\"><img decoding=\"async\" alt=\"Apple iPhone 17 Pro MAX 512 GB\" height=\"488\" width=\"650\" class=\"lazyload\" src=\"https:\/\/www.europesays.com\/pt\/wp-content\/uploads\/2025\/12\/apple-iphone-17-pro-max-512-gb-31b8ra1kxal-sl500.jpg\" loading=\"lazy\"\/><\/a><\/p>\n<p>1 669,00 \u20acamazon<\/p>\n<p>1 719,00 \u20ac-3%<\/p>\n<p class=\"inline-related-title\">Editores 4gnews recomendam:<\/p>\n","protected":false},"excerpt":{"rendered":"O mercado de smartphones est\u00e1 a registar um crescimento inesperado, gra\u00e7as ao sucesso de uma conhecida s\u00e9rie que&hellip;\n","protected":false},"author":2,"featured_media":174345,"comment_status":"","ping_status":"","sticky":false,"template":"","format":"standard","meta":{"footnotes":""},"categories":[84],"tags":[109,107,108,32,33,105,103,104,106,110],"class_list":{"0":"post-174344","1":"post","2":"type-post","3":"status-publish","4":"format-standard","5":"has-post-thumbnail","7":"category-ciencia-e-tecnologia","8":"tag-ciencia","9":"tag-ciencia-e-tecnologia","10":"tag-cienciaetecnologia","11":"tag-portugal","12":"tag-pt","13":"tag-science","14":"tag-science-and-technology","15":"tag-scienceandtechnology","16":"tag-technology","17":"tag-tecnologia"},"share_on_mastodon":{"url":"https:\/\/pubeurope.com\/@pt\/115656429893816091","error":""},"_links":{"self":[{"href":"https:\/\/www.europesays.com\/pt\/wp-json\/wp\/v2\/posts\/174344","targetHints":{"allow":["GET"]}}],"collection":[{"href":"https:\/\/www.europesays.com\/pt\/wp-json\/wp\/v2\/posts"}],"about":[{"href":"https:\/\/www.europesays.com\/pt\/wp-json\/wp\/v2\/types\/post"}],"author":[{"embeddable":true,"href":"https:\/\/www.europesays.com\/pt\/wp-json\/wp\/v2\/users\/2"}],"replies":[{"embeddable":true,"href":"https:\/\/www.europesays.com\/pt\/wp-json\/wp\/v2\/comments?post=174344"}],"version-history":[{"count":0,"href":"https:\/\/www.europesays.com\/pt\/wp-json\/wp\/v2\/posts\/174344\/revisions"}],"wp:featuredmedia":[{"embeddable":true,"href":"https:\/\/www.europesays.com\/pt\/wp-json\/wp\/v2\/media\/174345"}],"wp:attachment":[{"href":"https:\/\/www.europesays.com\/pt\/wp-json\/wp\/v2\/media?parent=174344"}],"wp:term":[{"taxonomy":"category","embeddable":true,"href":"https:\/\/www.europesays.com\/pt\/wp-json\/wp\/v2\/categories?post=174344"},{"taxonomy":"post_tag","embeddable":true,"href":"https:\/\/www.europesays.com\/pt\/wp-json\/wp\/v2\/tags?post=174344"}],"curies":[{"name":"wp","href":"https:\/\/api.w.org\/{rel}","templated":true}]}}