{"id":174363,"date":"2025-12-03T16:09:15","date_gmt":"2025-12-03T16:09:15","guid":{"rendered":"https:\/\/www.europesays.com\/pt\/174363\/"},"modified":"2025-12-03T16:09:15","modified_gmt":"2025-12-03T16:09:15","slug":"a-fazenda-saory-pergunta-o-que-dudu-fez-no-sbt-e-peao-desconversa-voce-vai-ver","status":"publish","type":"post","link":"https:\/\/www.europesays.com\/pt\/174363\/","title":{"rendered":"A Fazenda: Saory pergunta o que Dudu fez no SBT e pe\u00e3o desconversa: &#8220;Voc\u00ea vai ver&#8221;"},"content":{"rendered":"<p>Ap\u00f3s a forma\u00e7\u00e3o da Ro\u00e7a, que colocou <a href=\"https:\/\/natelinha.uol.com.br\/famosos\/tudo-sobre\/saory-cardoso\" rel=\"nofollow noopener\" target=\"_blank\">Saory Cardoso<\/a>, Tamires Assis, Luiz Mesquita e <a href=\"https:\/\/natelinha.uol.com.br\/famosos\/tudo-sobre\/dudu-camargo\" rel=\"nofollow noopener\" target=\"_blank\">Dudu Camargo<\/a> nos banquinhos, a cirurgi\u00e3-dentista trocou uma ideia com o apresentador a respeito da vota\u00e7\u00e3o e dos ataques que o affair recebeu de Toninho Tornado no ao vivo.<\/p>\n<p>continua depois da publicidade<\/p>\n<p>&#8220;Fabiano salvou a Duda em vez de salvar voc\u00ea? Ele poderia meter o louco e falar &#8216;eu vou salvar o Dudu&#8217;. Sei l\u00e1 que voc\u00ea deixaria restar, e iriam Duda, Mesquita e Tamires. Mas preferiu salvar a Duda que ele mete a l\u00edngua o dia inteirinho. N\u00e3o achei legal, n\u00e3o&#8221;, criticou a peoa.<\/p>\n<p>+ <a href=\"https:\/\/natelinha.uol.com.br\/a-fazenda\/2025\/12\/03\/a-fazenda-toninho-esculacha-dudu-e-faz-revelacao-nem-a-patricia-abravanel-suporta-voce-234737.php\" rel=\"nofollow noopener\" target=\"_blank\">A Fazenda: Toninho esculacha Dudu e faz revela\u00e7\u00e3o: &#8220;Nem a Patr\u00edcia Abravanel suporta voc\u00ea&#8221;<\/a><\/p>\n<p>+ <a href=\"https:\/\/natelinha.uol.com.br\/a-fazenda\/2025\/12\/03\/a-fazenda-carol-e-duda-protagonizam-barraco-e-expoem-mesquita-22-centimetros-234734.php\" rel=\"nofollow noopener\" target=\"_blank\">A Fazenda: Carol e Duda protagonizam barraco e exp\u00f5em Mesquita: &#8220;22 cent\u00edmetros&#8221;<\/a><\/p>\n<p>&#8220;Tamires morre de medo de Ro\u00e7a e fica muda. Ela n\u00e3o tem energia nem pra debater. Ela tem medo, um desespero&#8230; sempre foi assim. E Carol te ajudou, hein?&#8221;, comentou a loira. &#8220;Foi bom o poder! Foi bom!&#8221;, concordou o ex-SBT. &#8220;Esse nervosismo da Tamires, por um lado, \u00e9 muito bom pra n\u00f3s&#8221;, opinou Saory.<\/p>\n<p>continua depois da publicidade<\/p>\n<p>&#8220;Esse vexame todo que ele [Toninho] t\u00e1 fazendo, ele sai. Isso \u00e9 feio&#8221;, lamentou Dudu. &#8220;Ele t\u00e1 louco. Agora, voc\u00ea dorme comigo&#8230; Se ele vier me perturbar, eu vou atazanar a vida dele. Eu sou mulher e pra cima de mim ele n\u00e3o vem. Mas se me atrapalhar de dormir&#8230; rum!&#8221;, prometeu ela.<\/p>\n<p>&#8220;T\u00e1 doendo at\u00e9 agora o t\u00edmpano. Foi um grito muito alto&#8221;, se queixou Camargo. &#8220;Foi o que ele fez com o Fabiano&#8221;, observou a peoa. &#8220;Viu como ele vem? Menosprezando o Piau\u00ed&#8221;, lembrou o apresentador. &#8220;Com cara de psicopata&#8221;, detonou Cardoso.<\/p>\n<p>continua depois da publicidade<\/p>\n<p>&#8220;O que ele fala que eu n\u00e3o t\u00f4 entendendo? Voc\u00ea que \u00e9 vexame da Anhanguera?&#8221;, indagou Saory. &#8220;Vexame por causa do SBT&#8221;, explicou Camargo. &#8220;Mas o que voc\u00ea fez de vexame?&#8221;,\u00a0perguntou a dentista. &#8220;Ah, voc\u00ea vai ver o que o povo fala&#8230;&#8221;, desconversou o pe\u00e3o. &#8220;T\u00f4 nem a\u00ed pra essas coisas&#8221;, assegurou a affair.<\/p>\n<p>A Fazenda: Saory se declara para Dudu<\/p>\n<p><img decoding=\"async\" loading=\"lazy\" class=\"horizontal\" src=\"https:\/\/www.europesays.com\/pt\/wp-content\/uploads\/2025\/12\/dudu-camargo-saory-cardoso_5994.jpeg\" alt=\"A Fazenda: Saory pergunta o que Dudu fez no SBT e pe\u00e3o desconversa: \\\" voc=\"\" vai=\"\" ver=\"\"\/><\/p>\n<p>&#8220;Voc\u00ea \u00e9 bonitinho, n\u00e9, Dudu? Voc\u00ea \u00e9 bonitinho demais&#8221;, elogiou Saory Cardoso. &#8220;Por que?&#8221;, questionou Dudu Camargo. &#8220;Eu te acho bonitinho demais&#8221;, se declarou a peoa. &#8220;Em que momento?&#8221;, indagou o rapaz. &#8220;Agora!&#8221;, enfatizou ela.<\/p>\n<p>continua depois da publicidade<\/p>\n<p>&#8220;Voc\u00ea viu que ela [Adriane Galisteu] elogiou minha gravata? E ainda bateu o primeiro lugar&#8221;, disse o ex-SBT. &#8220;Imagina essa casa com Toninho, Fabiano, Duda e Wal\u00e9rio? O que ia ser desse programa com esses bob\u00f5es? Se sai a gente e fica esse povo aqui&#8230; o que vai virar A Fazenda?&#8221;, criticou Saory.<\/p>\n<p>&#8220;N\u00f3s dois falamos bem e o povo fica louco! Foi a primeira vez que a Galisteu me defendeu: &#8216;N\u00e3o estou falando s\u00f3 pra ela. Estou falando pra todos, Wal\u00e9rio'&#8221;, destacou a loira.<\/p>\n<p>FAZENDOMETRO<\/p>\n<p class=\"title text-center destaque\">Expresse seus sentimentos aos participantes de <strong>A Fazenda 2025<\/strong><\/p>\n","protected":false},"excerpt":{"rendered":"Ap\u00f3s a forma\u00e7\u00e3o da Ro\u00e7a, que colocou Saory Cardoso, Tamires Assis, Luiz Mesquita e Dudu Camargo nos banquinhos,&hellip;\n","protected":false},"author":2,"featured_media":174364,"comment_status":"","ping_status":"","sticky":false,"template":"","format":"standard","meta":{"footnotes":""},"categories":[145],"tags":[657,211,210,20035,114,115,32,33,21259],"class_list":{"0":"post-174363","1":"post","2":"type-post","3":"status-publish","4":"format-standard","5":"has-post-thumbnail","7":"category-celebridades","8":"tag-a-fazenda","9":"tag-celebridades","10":"tag-celebrities","11":"tag-dudu-camargo","12":"tag-entertainment","13":"tag-entretenimento","14":"tag-portugal","15":"tag-pt","16":"tag-saory-cardoso"},"share_on_mastodon":{"url":"https:\/\/pubeurope.com\/@pt\/115656509382148698","error":""},"_links":{"self":[{"href":"https:\/\/www.europesays.com\/pt\/wp-json\/wp\/v2\/posts\/174363","targetHints":{"allow":["GET"]}}],"collection":[{"href":"https:\/\/www.europesays.com\/pt\/wp-json\/wp\/v2\/posts"}],"about":[{"href":"https:\/\/www.europesays.com\/pt\/wp-json\/wp\/v2\/types\/post"}],"author":[{"embeddable":true,"href":"https:\/\/www.europesays.com\/pt\/wp-json\/wp\/v2\/users\/2"}],"replies":[{"embeddable":true,"href":"https:\/\/www.europesays.com\/pt\/wp-json\/wp\/v2\/comments?post=174363"}],"version-history":[{"count":0,"href":"https:\/\/www.europesays.com\/pt\/wp-json\/wp\/v2\/posts\/174363\/revisions"}],"wp:featuredmedia":[{"embeddable":true,"href":"https:\/\/www.europesays.com\/pt\/wp-json\/wp\/v2\/media\/174364"}],"wp:attachment":[{"href":"https:\/\/www.europesays.com\/pt\/wp-json\/wp\/v2\/media?parent=174363"}],"wp:term":[{"taxonomy":"category","embeddable":true,"href":"https:\/\/www.europesays.com\/pt\/wp-json\/wp\/v2\/categories?post=174363"},{"taxonomy":"post_tag","embeddable":true,"href":"https:\/\/www.europesays.com\/pt\/wp-json\/wp\/v2\/tags?post=174363"}],"curies":[{"name":"wp","href":"https:\/\/api.w.org\/{rel}","templated":true}]}}