{"id":174386,"date":"2025-12-03T16:39:52","date_gmt":"2025-12-03T16:39:52","guid":{"rendered":"https:\/\/www.europesays.com\/pt\/174386\/"},"modified":"2025-12-03T16:39:52","modified_gmt":"2025-12-03T16:39:52","slug":"sumo-de-laranja-afeta-milhares-de-genes-no-corpo-humano-revela-estudo","status":"publish","type":"post","link":"https:\/\/www.europesays.com\/pt\/174386\/","title":{"rendered":"Sumo de laranja afeta milhares de genes no corpo humano, revela estudo"},"content":{"rendered":"<p>\n         Publicado a<br \/>\n            03\/12\/2025 &#8211; 7:18 GMT+1\n            <\/p>\n<p>Embora o sumo de laranja seja apenas um h\u00e1bito de pequeno-almo\u00e7o para a maioria de n\u00f3s, cientistas dizem que esta simples bebida tem muito mais impacto no corpo do que imaginamos.<\/p>\n<p>Um estudo recente revelou que o consumo regular de sumo de laranja altera a forma como milhares de genes das nossas c\u00e9lulas imunit\u00e1rias funcionam.<\/p>\n<p>Um n\u00famero significativo destes genes est\u00e1 envolvido em mecanismos que regulam a press\u00e3o arterial, reduzem a inflama\u00e7\u00e3o e controlam o metabolismo do a\u00e7\u00facar. Estes s\u00e3o processos cr\u00edticos para a sa\u00fade cardiovascular a longo prazo.<\/p>\n<p>David C. Gaze, professor catedr\u00e1tico de Patologia Qu\u00edmica na Universidade de Westminster, escrevendo no <a href=\"https:\/\/theconversation.com\/your-daily-orange-juice-could-be-helping-your-heart-270492\" target=\"_blank\" rel=\"noreferrer nofollow noopener\">The Conversation<\/a>, explicou as altera\u00e7\u00f5es que o consumo de sumo de laranja provoca no corpo humano com exemplos de investiga\u00e7\u00e3o.<\/p>\n<p><strong>Diminui\u00e7\u00e3o dos genes associados \u00e0 inflama\u00e7\u00e3o e \u00e0 tens\u00e3o arterial<\/strong><\/p>\n<p><a href=\"https:\/\/onlinelibrary.wiley.com\/doi\/10.1002\/mnfr.70299\" target=\"_blank\" rel=\"noreferrer nofollow noopener\">Numa investiga\u00e7\u00e3o<\/a> recente, adultos beberam 500 ml de sumo de laranja puro pasteurizado todos os dias durante dois meses.<\/p>\n<p>Ao fim de 60 dias, verificou-se que os genes relacionados com a inflama\u00e7\u00e3o, como o NAMPT, IL6, IL1B e NLRP3, que s\u00e3o ativados durante o stress, funcionavam menos. O gene SGK1, que afeta a capacidade dos rins para reter o s\u00f3dio, tamb\u00e9m apresentou uma menor atividade. Estas altera\u00e7\u00f5es est\u00e3o em conson\u00e2ncia com os resultados anteriores que demonstram que o consumo regular de sumo de laranja reduz a tens\u00e3o arterial nos jovens adultos.<\/p>\n<p>De acordo com os especialistas, estes resultados sugerem que o sumo de laranja induz pequenas mas significativas altera\u00e7\u00f5es nos sistemas reguladores do organismo, levando ao relaxamento dos vasos sangu\u00edneos, \u00e0 redu\u00e7\u00e3o da inflama\u00e7\u00e3o e \u00e0 prote\u00e7\u00e3o da sa\u00fade do cora\u00e7\u00e3o.<\/p>\n<p><strong>Efeito da hesperidina: o poderoso composto dos citrinos<\/strong><\/p>\n<p>As propriedades antioxidantes e anti-inflamat\u00f3rias do flavonoide hesperidina presente nas laranjas s\u00e3o h\u00e1 muito reconhecidas. O novo estudo mostra tamb\u00e9m que processos como a tens\u00e3o arterial elevada, o equil\u00edbrio do colesterol e o metabolismo do a\u00e7\u00facar s\u00e3o influenciados por este componente natural.<\/p>\n<p>O tipo de corpo tamb\u00e9m modifica a resposta. Os genes relacionados com o metabolismo das gorduras foram mais afetados nos indiv\u00edduos com excesso de peso, enquanto os genes relacionados com a inflama\u00e7\u00e3o mostraram altera\u00e7\u00f5es mais pronunciadas nos participantes mais magros.<\/p>\n<p><strong>Pode reduzir a resist\u00eancia \u00e0 insulina e o colesterol<\/strong><\/p>\n<p>De acordo com <a href=\"https:\/\/pubmed.ncbi.nlm.nih.gov\/34060162\/\" target=\"_blank\" rel=\"noreferrer nofollow noopener\">uma an\u00e1lise <\/a>sistem\u00e1tica de<a href=\"https:\/\/pubmed.ncbi.nlm.nih.gov\/34060162\/\" target=\"_blank\" rel=\"noreferrer nofollow noopener\"> <\/a>15 estudos controlados que envolveram 639 pessoas, o consumo regular de sumo de laranja pode reduzir a resist\u00eancia \u00e0 insulina e o colesterol LDL. A resist\u00eancia \u00e0 insulina \u00e9 um indicador chave da pr\u00e9-diabetes, enquanto o colesterol elevado aumenta o risco de doen\u00e7a card\u00edaca.<\/p>\n<p>Numa outra <a href=\"https:\/\/pubmed.ncbi.nlm.nih.gov\/36383179\/\" target=\"_blank\" rel=\"noreferrer nofollow noopener\">an\u00e1lise <\/a>que envolveu participantes com excesso de peso, v\u00e1rias semanas de consumo di\u00e1rio de sumo de laranja reduziram ligeiramente a press\u00e3o arterial sist\u00f3lica e aumentaram os n\u00edveis de HDL (bom colesterol).<\/p>\n<p>Embora estas altera\u00e7\u00f5es possam parecer pequenas, podem ter um impacto significativo na sa\u00fade do cora\u00e7\u00e3o ao longo dos anos.<\/p>\n<p><strong>A sa\u00fade intestinal e o metabolismo energ\u00e9tico tamb\u00e9m s\u00e3o afetados<\/strong><\/p>\n<p>Em estudos de metabolitos, verificou-se que o sumo de laranja influencia a utiliza\u00e7\u00e3o de energia, a comunica\u00e7\u00e3o intercelular e as vias inflamat\u00f3rias. Ap\u00f3s um m\u00eas, os volunt\u00e1rios que beberam sumo de laranja sangu\u00ednea apresentaram um aumento das bact\u00e9rias intestinais que produzem \u00e1cidos gordos de cadeia curta. Estas subst\u00e2ncias est\u00e3o associadas a uma tens\u00e3o arterial saud\u00e1vel e a baixos n\u00edveis de inflama\u00e7\u00e3o.<\/p>\n<p>Num estudo realizado em pessoas com s\u00edndrome metab\u00f3lica, o sumo de laranja melhorou a fun\u00e7\u00e3o endotelial, que se refere \u00e0 capacidade dos vasos para relaxar e expandir. Uma melhor fun\u00e7\u00e3o endotelial est\u00e1 associada a um risco reduzido de ataque card\u00edaco.<\/p>\n<p><strong>Nem todos os estudos apresentam o mesmo resultado<\/strong><\/p>\n<p>Embora alguns estudos n\u00e3o tenham encontrado grandes altera\u00e7\u00f5es no HDL e nos triglic\u00e9ridos, a tend\u00eancia geral \u00e9 que o sumo de laranja reduz a inflama\u00e7\u00e3o, promove o fluxo sangu\u00edneo e melhora os marcadores de risco de doen\u00e7a card\u00edaca.<\/p>\n<p>Um estudo realizado numa f\u00e1brica de sumo de laranja no Brasil revelou que os trabalhadores apresentavam n\u00edveis mais baixos de apo-B, um marcador que reflete as part\u00edculas transportadoras de colesterol que aumentam o risco de ataque card\u00edaco.<\/p>\n","protected":false},"excerpt":{"rendered":"Publicado a 03\/12\/2025 &#8211; 7:18 GMT+1 Embora o sumo de laranja seja apenas um h\u00e1bito de pequeno-almo\u00e7o para&hellip;\n","protected":false},"author":2,"featured_media":174387,"comment_status":"","ping_status":"","sticky":false,"template":"","format":"standard","meta":{"footnotes":""},"categories":[8],"tags":[27,28,6642,15,16,2217,14,25,26,21,22,12,13,19,20,32,23,24,33,117,17,18,29,30,31],"class_list":{"0":"post-174386","1":"post","2":"type-post","3":"status-publish","4":"format-standard","5":"has-post-thumbnail","7":"category-principais-noticias","8":"tag-breaking-news","9":"tag-breakingnews","10":"tag-colesterol","11":"tag-featured-news","12":"tag-featurednews","13":"tag-genetica","14":"tag-headlines","15":"tag-latest-news","16":"tag-latestnews","17":"tag-main-news","18":"tag-mainnews","19":"tag-news","20":"tag-noticias","21":"tag-noticias-principais","22":"tag-noticiasprincipais","23":"tag-portugal","24":"tag-principais-noticias","25":"tag-principaisnoticias","26":"tag-pt","27":"tag-saude","28":"tag-top-stories","29":"tag-topstories","30":"tag-ultimas","31":"tag-ultimas-noticias","32":"tag-ultimasnoticias"},"share_on_mastodon":{"url":"https:\/\/pubeurope.com\/@pt\/115656630122853179","error":""},"_links":{"self":[{"href":"https:\/\/www.europesays.com\/pt\/wp-json\/wp\/v2\/posts\/174386","targetHints":{"allow":["GET"]}}],"collection":[{"href":"https:\/\/www.europesays.com\/pt\/wp-json\/wp\/v2\/posts"}],"about":[{"href":"https:\/\/www.europesays.com\/pt\/wp-json\/wp\/v2\/types\/post"}],"author":[{"embeddable":true,"href":"https:\/\/www.europesays.com\/pt\/wp-json\/wp\/v2\/users\/2"}],"replies":[{"embeddable":true,"href":"https:\/\/www.europesays.com\/pt\/wp-json\/wp\/v2\/comments?post=174386"}],"version-history":[{"count":0,"href":"https:\/\/www.europesays.com\/pt\/wp-json\/wp\/v2\/posts\/174386\/revisions"}],"wp:featuredmedia":[{"embeddable":true,"href":"https:\/\/www.europesays.com\/pt\/wp-json\/wp\/v2\/media\/174387"}],"wp:attachment":[{"href":"https:\/\/www.europesays.com\/pt\/wp-json\/wp\/v2\/media?parent=174386"}],"wp:term":[{"taxonomy":"category","embeddable":true,"href":"https:\/\/www.europesays.com\/pt\/wp-json\/wp\/v2\/categories?post=174386"},{"taxonomy":"post_tag","embeddable":true,"href":"https:\/\/www.europesays.com\/pt\/wp-json\/wp\/v2\/tags?post=174386"}],"curies":[{"name":"wp","href":"https:\/\/api.w.org\/{rel}","templated":true}]}}