{"id":174399,"date":"2025-12-03T16:54:08","date_gmt":"2025-12-03T16:54:08","guid":{"rendered":"https:\/\/www.europesays.com\/pt\/174399\/"},"modified":"2025-12-03T16:54:08","modified_gmt":"2025-12-03T16:54:08","slug":"comandante-detido-em-lisboa-por-desviar-dinheiro-dos-bombeiros","status":"publish","type":"post","link":"https:\/\/www.europesays.com\/pt\/174399\/","title":{"rendered":"Comandante detido em Lisboa por desviar dinheiro dos bombeiros\u00a0"},"content":{"rendered":"<p>\t                EM ATUALIZA\u00c7\u00c3O<\/p>\n<p>O comandante dos Bombeiros da Penha de Fran\u00e7a, em Lisboa, a tesoureira da associa\u00e7\u00e3o humanit\u00e1ria e um bombeiro com fun\u00e7\u00f5es financeiras no mesmo quartel foram detidos pela Pol\u00edcia Judici\u00e1ria em articula\u00e7\u00e3o com o DIAP Regional de Lisboa, na manh\u00e3 desta quarta-feira sob suspeita de desviarem dinheiro da corpora\u00e7\u00e3o, apurou a CNN Portugal.\u00a0<\/p>\n<p>Os tr\u00eas detidos respondem por crimes como peculato, pela apropria\u00e7\u00e3o il\u00edcita de verbas dos bombeiros, e ser\u00e3o presentes a tribunal. Est\u00e3o hoje a ser alvo de buscas, nomeadamente domicili\u00e1rias.<\/p>\n","protected":false},"excerpt":{"rendered":"EM ATUALIZA\u00c7\u00c3O O comandante dos Bombeiros da Penha de Fran\u00e7a, em Lisboa, a tesoureira da associa\u00e7\u00e3o humanit\u00e1ria e&hellip;\n","protected":false},"author":2,"featured_media":174400,"comment_status":"","ping_status":"","sticky":false,"template":"","format":"standard","meta":{"footnotes":""},"categories":[10],"tags":[609,836,611,36306,36304,27,28,607,608,333,832,604,135,36305,610,476,15,16,301,830,14,603,25,26,570,21,22,831,833,62,834,12,13,19,20,835,602,24170,52,32,23,24,33,17,18,29,30,31],"class_list":{"0":"post-174399","1":"post","2":"type-post","3":"status-publish","4":"format-standard","5":"has-post-thumbnail","7":"category-portugal","8":"tag-alerta","9":"tag-analise","10":"tag-ao-minuto","11":"tag-apropriacao-ilicita-de-verbas-dos-bombeiros","12":"tag-bombeiro-detido","13":"tag-breaking-news","14":"tag-breakingnews","15":"tag-cnn","16":"tag-cnn-portugal","17":"tag-comentadores","18":"tag-costa","19":"tag-crime","20":"tag-desporto","21":"tag-diap-regional-de-lisboa","22":"tag-direto","23":"tag-economia","24":"tag-featured-news","25":"tag-featurednews","26":"tag-governo","27":"tag-guerra","28":"tag-headlines","29":"tag-justica","30":"tag-latest-news","31":"tag-latestnews","32":"tag-live","33":"tag-main-news","34":"tag-mainnews","35":"tag-mais-vistas","36":"tag-marcelo","37":"tag-mundo","38":"tag-negocios","39":"tag-news","40":"tag-noticias","41":"tag-noticias-principais","42":"tag-noticiasprincipais","43":"tag-opiniao","44":"tag-pais","45":"tag-penha-de-franca","46":"tag-politica","47":"tag-portugal","48":"tag-principais-noticias","49":"tag-principaisnoticias","50":"tag-pt","51":"tag-top-stories","52":"tag-topstories","53":"tag-ultimas","54":"tag-ultimas-noticias","55":"tag-ultimasnoticias"},"share_on_mastodon":{"url":"","error":"Validation failed: Text character limit of 500 exceeded"},"_links":{"self":[{"href":"https:\/\/www.europesays.com\/pt\/wp-json\/wp\/v2\/posts\/174399","targetHints":{"allow":["GET"]}}],"collection":[{"href":"https:\/\/www.europesays.com\/pt\/wp-json\/wp\/v2\/posts"}],"about":[{"href":"https:\/\/www.europesays.com\/pt\/wp-json\/wp\/v2\/types\/post"}],"author":[{"embeddable":true,"href":"https:\/\/www.europesays.com\/pt\/wp-json\/wp\/v2\/users\/2"}],"replies":[{"embeddable":true,"href":"https:\/\/www.europesays.com\/pt\/wp-json\/wp\/v2\/comments?post=174399"}],"version-history":[{"count":0,"href":"https:\/\/www.europesays.com\/pt\/wp-json\/wp\/v2\/posts\/174399\/revisions"}],"wp:featuredmedia":[{"embeddable":true,"href":"https:\/\/www.europesays.com\/pt\/wp-json\/wp\/v2\/media\/174400"}],"wp:attachment":[{"href":"https:\/\/www.europesays.com\/pt\/wp-json\/wp\/v2\/media?parent=174399"}],"wp:term":[{"taxonomy":"category","embeddable":true,"href":"https:\/\/www.europesays.com\/pt\/wp-json\/wp\/v2\/categories?post=174399"},{"taxonomy":"post_tag","embeddable":true,"href":"https:\/\/www.europesays.com\/pt\/wp-json\/wp\/v2\/tags?post=174399"}],"curies":[{"name":"wp","href":"https:\/\/api.w.org\/{rel}","templated":true}]}}