{"id":174415,"date":"2025-12-03T17:11:14","date_gmt":"2025-12-03T17:11:14","guid":{"rendered":"https:\/\/www.europesays.com\/pt\/174415\/"},"modified":"2025-12-03T17:11:14","modified_gmt":"2025-12-03T17:11:14","slug":"pj-detem-tres-elementos-dos-bombeiros-do-beato-e-penha-de-franca","status":"publish","type":"post","link":"https:\/\/www.europesays.com\/pt\/174415\/","title":{"rendered":"PJ det\u00e9m tr\u00eas elementos dos Bombeiros do Beato e Penha de Fran\u00e7a"},"content":{"rendered":"<p class=\"category\"><a href=\"https:\/\/sicnoticias.pt\/pais\" rel=\"nofollow noopener\" target=\"_blank\">Pa\u00eds<\/a><\/p>\n<p>Os detidos s\u00e3o suspeitos de desviar verbas da associa\u00e7\u00e3o e de utilizar uma viatura de servi\u00e7o para fins pessoais.<\/p>\n<p><img decoding=\"async\" src=\"https:\/\/www.europesays.com\/pt\/wp-content\/uploads\/2025\/11\/1763550611_244_original.webp\" alt=\"(Arquivo)\"\/><\/p>\n<p>(Arquivo)<\/p>\n<p>Facebook PJ<\/p>\n<p><strong>A <\/strong><a href=\"https:\/\/www.policiajudiciaria.pt\/operacao-rescaldo-pj-detem-tres-elementos-dos-bombeiros-do-beato-e-penha-de-franca\/\" target=\"_blank\" rel=\"noopener noreferrer nofollow\"><strong>Pol\u00edcia Judici\u00e1ria (PJ) <\/strong><\/a><strong>deteve esta quarta-feira tr\u00eas elementos da Associa\u00e7\u00e3o Humanit\u00e1ria dos Bombeiros Volunt\u00e1rios do Beato e Penha de Fran\u00e7a no \u00e2mbito da opera\u00e7\u00e3o &#8220;Rescaldo&#8221;, avan\u00e7ou a for\u00e7a de investiga\u00e7\u00e3o em comunicado.<\/strong><strong> Os detidos s\u00e3o suspeitos de desviar verbas da associa\u00e7\u00e3o e de utilizar uma viatura de servi\u00e7o para fins pessoais.<\/strong><\/p>\n<p>A investiga\u00e7\u00e3o, conduzida pela Unidade Nacional de Combate \u00e0 Corrup\u00e7\u00e3o, <strong>incluiu o cumprimento de tr\u00eas mandados de busca domicili\u00e1ria e um n\u00e3o domicili\u00e1rio, <\/strong>do conjunto dos quais resultou a constitui\u00e7\u00e3o de quatro arguidos.<\/p>\n<p>Os suspeitos, que incluem o Comandante, o Vice-Presidente, a Tesoureira e um elemento da corpora\u00e7\u00e3o de bombeiros, &#8220;<strong>encontram-se indiciados da pr\u00e1tica dos crimes de peculato, abuso de poder e ainda de peculato de uso&#8221;.<\/strong><\/p>\n<p>Em causa est\u00e3o movimentos banc\u00e1rios <strong>alegadamente realizados a partir das contas da associa\u00e7\u00e3o para contas pessoais de um conjunto restrito de respons\u00e1veis<\/strong>, justificadas como reembolsos de despesas ou ajudas de custo.<\/p>\n<p>Segundo a PJ, o esquema envolvia transfer\u00eancias e dep\u00f3sitos ao balc\u00e3o, alegadamente efetuados sob o pretexto de apoiar despesas de elementos da corpora\u00e7\u00e3o. No entanto, <strong>os investigadores suspeitam que os montantes acabaram por beneficiar diretamente os visados.<\/strong> <\/p>\n<p>Para al\u00e9m do eventual desvio de fundos, est\u00e1 tamb\u00e9m a ser investigado o uso indevido de uma viatura de servi\u00e7o, <strong>alegadamente utilizada pelo comandante e por familiares pr\u00f3ximos para fins alheios \u00e0 atividade operacional.<\/strong><\/p>\n<p>O inqu\u00e9rito \u00e9 tutelado pelo DIAP Regional de Lisboa e resulta de dilig\u00eancias iniciais <strong>onde j\u00e1 tinham sido realizadas buscas e recolhidos elementos de prova. <\/strong>Ainda assim, segundo a PJ, <strong>os suspeitos ter\u00e3o continuado a atuar da mesma forma,<\/strong> mesmo ap\u00f3s a primeira interven\u00e7\u00e3o das autoridades.<\/p>\n<p>Os <strong>tr\u00eas detidos ser\u00e3o presentes amanh\u00e3 a juiz de instru\u00e7\u00e3o para aplica\u00e7\u00e3o das medidas de coa\u00e7\u00e3o<\/strong> consideradas adequadas.<\/p>\n<p>[ Artigo atualizado \u00e0s 16:05 ]<\/p>\n","protected":false},"excerpt":{"rendered":"Pa\u00eds Os detidos s\u00e3o suspeitos de desviar verbas da associa\u00e7\u00e3o e de utilizar uma viatura de servi\u00e7o para&hellip;\n","protected":false},"author":2,"featured_media":157509,"comment_status":"","ping_status":"","sticky":false,"template":"","format":"standard","meta":{"footnotes":""},"categories":[8],"tags":[27,28,15,16,14,25,26,21,22,12,13,19,20,32,23,24,33,17,18,29,30,31],"class_list":{"0":"post-174415","1":"post","2":"type-post","3":"status-publish","4":"format-standard","5":"has-post-thumbnail","7":"category-principais-noticias","8":"tag-breaking-news","9":"tag-breakingnews","10":"tag-featured-news","11":"tag-featurednews","12":"tag-headlines","13":"tag-latest-news","14":"tag-latestnews","15":"tag-main-news","16":"tag-mainnews","17":"tag-news","18":"tag-noticias","19":"tag-noticias-principais","20":"tag-noticiasprincipais","21":"tag-portugal","22":"tag-principais-noticias","23":"tag-principaisnoticias","24":"tag-pt","25":"tag-top-stories","26":"tag-topstories","27":"tag-ultimas","28":"tag-ultimas-noticias","29":"tag-ultimasnoticias"},"share_on_mastodon":{"url":"https:\/\/pubeurope.com\/@pt\/115656753019983486","error":""},"_links":{"self":[{"href":"https:\/\/www.europesays.com\/pt\/wp-json\/wp\/v2\/posts\/174415","targetHints":{"allow":["GET"]}}],"collection":[{"href":"https:\/\/www.europesays.com\/pt\/wp-json\/wp\/v2\/posts"}],"about":[{"href":"https:\/\/www.europesays.com\/pt\/wp-json\/wp\/v2\/types\/post"}],"author":[{"embeddable":true,"href":"https:\/\/www.europesays.com\/pt\/wp-json\/wp\/v2\/users\/2"}],"replies":[{"embeddable":true,"href":"https:\/\/www.europesays.com\/pt\/wp-json\/wp\/v2\/comments?post=174415"}],"version-history":[{"count":0,"href":"https:\/\/www.europesays.com\/pt\/wp-json\/wp\/v2\/posts\/174415\/revisions"}],"wp:featuredmedia":[{"embeddable":true,"href":"https:\/\/www.europesays.com\/pt\/wp-json\/wp\/v2\/media\/157509"}],"wp:attachment":[{"href":"https:\/\/www.europesays.com\/pt\/wp-json\/wp\/v2\/media?parent=174415"}],"wp:term":[{"taxonomy":"category","embeddable":true,"href":"https:\/\/www.europesays.com\/pt\/wp-json\/wp\/v2\/categories?post=174415"},{"taxonomy":"post_tag","embeddable":true,"href":"https:\/\/www.europesays.com\/pt\/wp-json\/wp\/v2\/tags?post=174415"}],"curies":[{"name":"wp","href":"https:\/\/api.w.org\/{rel}","templated":true}]}}