{"id":174432,"date":"2025-12-03T17:27:23","date_gmt":"2025-12-03T17:27:23","guid":{"rendered":"https:\/\/www.europesays.com\/pt\/174432\/"},"modified":"2025-12-03T17:27:23","modified_gmt":"2025-12-03T17:27:23","slug":"inspetor-record-a-antevisao-ao-derbi-entre-benfica-e-sporting-em-sete-curiosidades-liga-betclic","status":"publish","type":"post","link":"https:\/\/www.europesays.com\/pt\/174432\/","title":{"rendered":"Inspetor Record: a antevis\u00e3o ao d\u00e9rbi entre Benfica e Sporting em sete curiosidades &#8211; Liga Betclic"},"content":{"rendered":"<p>                    12:00<\/p>\n<p>O que produziram os grandes rivais at\u00e9 agora? Vamos em busca de pistas que mostrem o que esperar do jogo na Luz<\/p>\n<p class=\"\">&#13;<br \/>\n        O grande d\u00e9rbi entre Benfica e Sporting repete-se pela segunda vez na \u00e9poca, ap\u00f3s o triunfo encarnado na discuss\u00e3o da Superta\u00e7a. Decorridas 12 jornadas de Liga Betclic, o Inspetor analisa o que produziram os grandes rivais at\u00e9 agora, na busca de pistas que mostrem o que esperar do d\u00e9rbi de sexta-feira (20h15) na Luz.&#13;\n    <\/p>\n<p>                        Para ler TODOS OS ARTIGOS RECORD PREMIUM durante o dia 03.12.2025 insira o seu n\u00famero de telem\u00f3vel e clique em OK<\/p>\n<p>Consulte a aplica\u00e7\u00e3o MBway no seu telem\u00f3vel e aceite a transa\u00e7\u00e3o&#13;\n                    <\/p>\n<p>                        Os seus dados n\u00e3o ser\u00e3o guardados pelo Record<\/p>\n<p>                    Por GoalPoint<\/p>\n","protected":false},"excerpt":{"rendered":"12:00 O que produziram os grandes rivais at\u00e9 agora? Vamos em busca de pistas que mostrem o que&hellip;\n","protected":false},"author":2,"featured_media":174433,"comment_status":"","ping_status":"","sticky":false,"template":"","format":"standard","meta":{"footnotes":""},"categories":[8],"tags":[27,28,15,16,14,25,26,21,22,12,13,19,20,32,23,24,33,17,18,29,30,31],"class_list":{"0":"post-174432","1":"post","2":"type-post","3":"status-publish","4":"format-standard","5":"has-post-thumbnail","7":"category-principais-noticias","8":"tag-breaking-news","9":"tag-breakingnews","10":"tag-featured-news","11":"tag-featurednews","12":"tag-headlines","13":"tag-latest-news","14":"tag-latestnews","15":"tag-main-news","16":"tag-mainnews","17":"tag-news","18":"tag-noticias","19":"tag-noticias-principais","20":"tag-noticiasprincipais","21":"tag-portugal","22":"tag-principais-noticias","23":"tag-principaisnoticias","24":"tag-pt","25":"tag-top-stories","26":"tag-topstories","27":"tag-ultimas","28":"tag-ultimas-noticias","29":"tag-ultimasnoticias"},"share_on_mastodon":{"url":"https:\/\/pubeurope.com\/@pt\/115656815160218546","error":""},"_links":{"self":[{"href":"https:\/\/www.europesays.com\/pt\/wp-json\/wp\/v2\/posts\/174432","targetHints":{"allow":["GET"]}}],"collection":[{"href":"https:\/\/www.europesays.com\/pt\/wp-json\/wp\/v2\/posts"}],"about":[{"href":"https:\/\/www.europesays.com\/pt\/wp-json\/wp\/v2\/types\/post"}],"author":[{"embeddable":true,"href":"https:\/\/www.europesays.com\/pt\/wp-json\/wp\/v2\/users\/2"}],"replies":[{"embeddable":true,"href":"https:\/\/www.europesays.com\/pt\/wp-json\/wp\/v2\/comments?post=174432"}],"version-history":[{"count":0,"href":"https:\/\/www.europesays.com\/pt\/wp-json\/wp\/v2\/posts\/174432\/revisions"}],"wp:featuredmedia":[{"embeddable":true,"href":"https:\/\/www.europesays.com\/pt\/wp-json\/wp\/v2\/media\/174433"}],"wp:attachment":[{"href":"https:\/\/www.europesays.com\/pt\/wp-json\/wp\/v2\/media?parent=174432"}],"wp:term":[{"taxonomy":"category","embeddable":true,"href":"https:\/\/www.europesays.com\/pt\/wp-json\/wp\/v2\/categories?post=174432"},{"taxonomy":"post_tag","embeddable":true,"href":"https:\/\/www.europesays.com\/pt\/wp-json\/wp\/v2\/tags?post=174432"}],"curies":[{"name":"wp","href":"https:\/\/api.w.org\/{rel}","templated":true}]}}