{"id":174450,"date":"2025-12-03T17:40:26","date_gmt":"2025-12-03T17:40:26","guid":{"rendered":"https:\/\/www.europesays.com\/pt\/174450\/"},"modified":"2025-12-03T17:40:26","modified_gmt":"2025-12-03T17:40:26","slug":"governo-quer-obras-para-novas-casas-a-arrancarem-oito-dias-apos-apresentacao-do-projeto","status":"publish","type":"post","link":"https:\/\/www.europesays.com\/pt\/174450\/","title":{"rendered":"Governo quer obras para novas casas a arrancarem oito dias ap\u00f3s apresenta\u00e7\u00e3o do projeto"},"content":{"rendered":"<p class=\"MsoNormal\">No \u00e2mbito do Simplex para o licenciamento urban\u00edstico <strong>o Governo pretende que se possa iniciar uma obra ao fim de um per\u00edodo m\u00ednimo de oito dias, ap\u00f3s a comunica\u00e7\u00e3o pr\u00e9via<\/strong>, sem \u201cficar na depend\u00eancia de qualquer ato administrativo\u201d, como acontece atualmente.<\/p>\n<p class=\"MsoNormal\">O objetivo \u00e9 acelerar os processos de licenciamento para a constru\u00e7\u00e3o de habita\u00e7\u00e3o, de forma a agilizar a coloca\u00e7\u00e3o de mais oferta de casas no mercado t\u00e3o r\u00e1pido quanto poss\u00edvel.<\/p>\n<p class=\"MsoNormal\">Esta \u00e9 uma das medidas que consta da proposta de lei que o Governo apresentou esta ter\u00e7a-feira na Assembleia da Rep\u00fablica &#8211; aprovada no passado dia 28 de novembro em Conselho de Ministros.<\/p>\n<p class=\"MsoNormal\">No mesmo documento fica ainda claro que, no que se refere \u00e0 comunica\u00e7\u00e3o pr\u00e9via \u2014 e assumindo que este ato j\u00e1 n\u00e3o constitu\u00eda um mecanismo de controlo pr\u00e9vio das opera\u00e7\u00f5es urban\u00edsticas, uma vez que a interven\u00e7\u00e3o municipal apenas ocorria na fase de \u201cverifica\u00e7\u00e3o formal da entrega documental\u201d \u2014 <strong>o Governo prop\u00f5e, em alternativa, a \u201cautorresponsabiliza\u00e7\u00e3o\u201d dos interessados<\/strong>, quer pela entrega dos elementos instrut\u00f3rios necess\u00e1rios, quer pelo cumprimento integral das normas legais e regulamentares.<\/p>\n<p><a href=\"https:\/\/expresso.pt\/subscrever?action=GEN&amp;channel=VID&amp;type=CAP&amp;source=WEB&amp;returnUrl=https:\/\/expresso.pt\/economia\/economia_imobiliario\/2025-12-02-governo-quer-obras-para-novas-casas-a-arrancarem-oito-dias-apos-apresentacao-do-projeto-fa4bf936&amp;utm_source=expresso&amp;utm_medium=locked_article&amp;locked=true&amp;article_id=7ba170ea-2f59-4cb0-8e1c-7b9890882221&amp;author_id=Elisabete+Soares&amp;category=Imobili\u00e1rio\" target=\"_self\" class=\"\" rel=\"nofollow noopener\">Subscrever<\/a>J\u00e1 \u00e9 Subscritor?Fa\u00e7a login e continue a ler<a href=\"http:\/\/expresso.pt\/codigo?redirectUrl=https:\/\/expresso.pt\/economia\/economia_imobiliario\/2025-12-02-governo-quer-obras-para-novas-casas-a-arrancarem-oito-dias-apos-apresentacao-do-projeto-fa4bf936\" target=\"_self\" class=\"\" rel=\"nofollow noopener\">Inserir C\u00f3digo<\/a>Comprou o Expresso?Insira o c\u00f3digo presente na Revista E para continuar a ler<\/p>\n","protected":false},"excerpt":{"rendered":"No \u00e2mbito do Simplex para o licenciamento urban\u00edstico o Governo pretende que se possa iniciar uma obra ao&hellip;\n","protected":false},"author":2,"featured_media":174451,"comment_status":"","ping_status":"","sticky":false,"template":"","format":"standard","meta":{"footnotes":""},"categories":[10],"tags":[27,28,15,16,14,25,26,21,22,12,13,19,20,32,23,24,33,17,18,29,30,31],"class_list":{"0":"post-174450","1":"post","2":"type-post","3":"status-publish","4":"format-standard","5":"has-post-thumbnail","7":"category-portugal","8":"tag-breaking-news","9":"tag-breakingnews","10":"tag-featured-news","11":"tag-featurednews","12":"tag-headlines","13":"tag-latest-news","14":"tag-latestnews","15":"tag-main-news","16":"tag-mainnews","17":"tag-news","18":"tag-noticias","19":"tag-noticias-principais","20":"tag-noticiasprincipais","21":"tag-portugal","22":"tag-principais-noticias","23":"tag-principaisnoticias","24":"tag-pt","25":"tag-top-stories","26":"tag-topstories","27":"tag-ultimas","28":"tag-ultimas-noticias","29":"tag-ultimasnoticias"},"share_on_mastodon":{"url":"https:\/\/pubeurope.com\/@pt\/115656866064542875","error":""},"_links":{"self":[{"href":"https:\/\/www.europesays.com\/pt\/wp-json\/wp\/v2\/posts\/174450","targetHints":{"allow":["GET"]}}],"collection":[{"href":"https:\/\/www.europesays.com\/pt\/wp-json\/wp\/v2\/posts"}],"about":[{"href":"https:\/\/www.europesays.com\/pt\/wp-json\/wp\/v2\/types\/post"}],"author":[{"embeddable":true,"href":"https:\/\/www.europesays.com\/pt\/wp-json\/wp\/v2\/users\/2"}],"replies":[{"embeddable":true,"href":"https:\/\/www.europesays.com\/pt\/wp-json\/wp\/v2\/comments?post=174450"}],"version-history":[{"count":0,"href":"https:\/\/www.europesays.com\/pt\/wp-json\/wp\/v2\/posts\/174450\/revisions"}],"wp:featuredmedia":[{"embeddable":true,"href":"https:\/\/www.europesays.com\/pt\/wp-json\/wp\/v2\/media\/174451"}],"wp:attachment":[{"href":"https:\/\/www.europesays.com\/pt\/wp-json\/wp\/v2\/media?parent=174450"}],"wp:term":[{"taxonomy":"category","embeddable":true,"href":"https:\/\/www.europesays.com\/pt\/wp-json\/wp\/v2\/categories?post=174450"},{"taxonomy":"post_tag","embeddable":true,"href":"https:\/\/www.europesays.com\/pt\/wp-json\/wp\/v2\/tags?post=174450"}],"curies":[{"name":"wp","href":"https:\/\/api.w.org\/{rel}","templated":true}]}}