{"id":174482,"date":"2025-12-03T18:33:10","date_gmt":"2025-12-03T18:33:10","guid":{"rendered":"https:\/\/www.europesays.com\/pt\/174482\/"},"modified":"2025-12-03T18:33:10","modified_gmt":"2025-12-03T18:33:10","slug":"marisa-confronta-pedro-jorge-e-poe-segredo-em-risco-com-ameaca-de-revelar-tudo","status":"publish","type":"post","link":"https:\/\/www.europesays.com\/pt\/174482\/","title":{"rendered":"Marisa confronta Pedro Jorge e p\u00f5e segredo em risco com amea\u00e7a de revelar tudo"},"content":{"rendered":"<p>  <img width=\"780\" height=\"470\" src=\"https:\/\/www.europesays.com\/pt\/wp-content\/uploads\/2025\/12\/marisa-e-pedor-jorge-780x470.jpg\" alt=\"Tens\u00e3o no Confession\u00e1rio: Marisa confronta Pedro Jorge e p\u00f5e segredo em risco com amea\u00e7a de revelar tudo\" data-main-img=\"1\" decoding=\"async\" fetchpriority=\"high\"\/>   Tens\u00e3o no Confession\u00e1rio: Marisa confronta Pedro Jorge e p\u00f5e segredo em risco com amea\u00e7a de revelar tudoA decis\u00e3o de Pedro Jorge em gastar 2.000 euros para espiar o lanche de Liliana e F\u00e1bio caiu mal a Marisa e originou uma nova discuss\u00e3o no casal, que culminou numa amea\u00e7a perigosa para o jogo de ambos.<\/p>\n<p>No Especial desta ter\u00e7a-feira, 2 de dezembro, a dupla esteve \u00e0 conversa com Cristina Ferreira no confession\u00e1rio e Marisa n\u00e3o escondeu a revolta, insinuando que a atitude do companheiro a est\u00e1 a empurrar para o limite, <strong>\u201cO Pedro deve querer que eu diga ali \u00e0 frente de toda a gente que, para mim, o ideal \u00e9 o Pedro ser o vencedor, porque \u00e9 o meu namorado, \u00e9 o pai dos meus filhos. Deve ser isso que ele quer\u201d,<\/strong> atirou, amea\u00e7ando expor o segredo que protegem h\u00e1 meses (A m\u00e3e dos meus filhos est\u00e1 na casa).<\/p>\n<p>Marisa explicou ainda que a necessidade de dissimula\u00e7\u00e3o a obriga a desabafar com terceiros, o que gera mal-entendidos, <strong>\u201cEle ainda n\u00e3o percebeu que n\u00f3s trouxemos um segredo e, se muitas das coisas que eu lhe quero dizer a ele n\u00e3o posso dizer diretamente, digo ao Leandro, porque ainda estamos a disfar\u00e7ar um segredo\u201d,<\/strong> justificou.<\/p>\n<p>Ap\u00f3s o momento a s\u00f3s no confession\u00e1rio, Marisa e Pedro regressaram \u00e0 sala, mas a express\u00e3o carregada da concorrente chamou de imediato a aten\u00e7\u00e3o de Bruna, que n\u00e3o escondeu a desconfian\u00e7a, <strong>\u201cO que \u00e9 que foi, Bruna? O que \u00e9 que est\u00e1 a\u00ed a tocar na In\u00eas a querer dizer?\u201d<\/strong>, questionou Cristina Ferreira, atenta \u00e0 troca de olhares e cochichos no sof\u00e1. <strong><a href=\"https:\/\/dioguinho.com\/casa-dos-segredos-bruna-desconfiada-com-a-cara-de-marisa-apos-confessionario\/\" rel=\"nofollow noopener\" target=\"_blank\">TUDO AQUI<\/a><\/strong><\/p>\n","protected":false},"excerpt":{"rendered":"Tens\u00e3o no Confession\u00e1rio: Marisa confronta Pedro Jorge e p\u00f5e segredo em risco com amea\u00e7a de revelar tudoA decis\u00e3o&hellip;\n","protected":false},"author":2,"featured_media":174483,"comment_status":"","ping_status":"","sticky":false,"template":"","format":"standard","meta":{"footnotes":""},"categories":[142],"tags":[166,114,115,13147,19184,21416,36312,36313,32,33,1315,7958,151,162],"class_list":{"0":"post-174482","1":"post","2":"type-post","3":"status-publish","4":"format-standard","5":"has-post-thumbnail","7":"category-tv","8":"tag-cristina-ferreira","9":"tag-entertainment","10":"tag-entretenimento","11":"tag-especial","12":"tag-marisa","13":"tag-pedro-jorge","14":"tag-pedro-jorge-casa-dos-segredos","15":"tag-pedro-jorge-ss9","16":"tag-portugal","17":"tag-pt","18":"tag-secret-story","19":"tag-segredo","20":"tag-tv","21":"tag-tvi"},"share_on_mastodon":{"url":"https:\/\/pubeurope.com\/@pt\/115657074911358903","error":""},"_links":{"self":[{"href":"https:\/\/www.europesays.com\/pt\/wp-json\/wp\/v2\/posts\/174482","targetHints":{"allow":["GET"]}}],"collection":[{"href":"https:\/\/www.europesays.com\/pt\/wp-json\/wp\/v2\/posts"}],"about":[{"href":"https:\/\/www.europesays.com\/pt\/wp-json\/wp\/v2\/types\/post"}],"author":[{"embeddable":true,"href":"https:\/\/www.europesays.com\/pt\/wp-json\/wp\/v2\/users\/2"}],"replies":[{"embeddable":true,"href":"https:\/\/www.europesays.com\/pt\/wp-json\/wp\/v2\/comments?post=174482"}],"version-history":[{"count":0,"href":"https:\/\/www.europesays.com\/pt\/wp-json\/wp\/v2\/posts\/174482\/revisions"}],"wp:featuredmedia":[{"embeddable":true,"href":"https:\/\/www.europesays.com\/pt\/wp-json\/wp\/v2\/media\/174483"}],"wp:attachment":[{"href":"https:\/\/www.europesays.com\/pt\/wp-json\/wp\/v2\/media?parent=174482"}],"wp:term":[{"taxonomy":"category","embeddable":true,"href":"https:\/\/www.europesays.com\/pt\/wp-json\/wp\/v2\/categories?post=174482"},{"taxonomy":"post_tag","embeddable":true,"href":"https:\/\/www.europesays.com\/pt\/wp-json\/wp\/v2\/tags?post=174482"}],"curies":[{"name":"wp","href":"https:\/\/api.w.org\/{rel}","templated":true}]}}