{"id":174503,"date":"2025-12-03T19:03:08","date_gmt":"2025-12-03T19:03:08","guid":{"rendered":"https:\/\/www.europesays.com\/pt\/174503\/"},"modified":"2025-12-03T19:03:08","modified_gmt":"2025-12-03T19:03:08","slug":"qual-ex-bbb-voce-quer-ver-de-volta-no-bbb-26-vote-aqui","status":"publish","type":"post","link":"https:\/\/www.europesays.com\/pt\/174503\/","title":{"rendered":"Qual ex-BBB voc\u00ea quer ver de volta no BBB 26? Vote aqui"},"content":{"rendered":"<p>Gil do Vigor, Juliette, Davi Britto ou Ana Paula Renault? Se voc\u00ea pudesse escolher um ex-BBB para voltar ao programa em 2026, quem escolheria? Com data marcada para come\u00e7ar, dia 12 de janeiro, o reality mais famoso do Brasil vai contar com um grupo s\u00f3 de veteranos na pr\u00f3xima temporada.<\/p>\n<p>Em participa\u00e7\u00e3o no programa &#8216;Mais Voc\u00ea&#8217; nesta quarta-feira (03), <a href=\"https:\/\/www.otempo.com.br\/entretenimento\/2025\/12\/3\/bbb-26-tadeu-deixa-escapar-spoiler-da-lista-de-veteranos-e-camarotes-publico-escolhe-os-pipocas\" target=\"_blank\" rel=\"noopener nofollow\">Tadeu Shcmidt deu um &#8216;spoiler&#8217; <\/a>sobre os brothers j\u00e1 confirmados na pr\u00f3xima edi\u00e7\u00e3o. Segundo o apresentador, a lista dos camarotes &#8211; grupo dos famosos &#8211; e veteranos &#8211; ex-bbb&#8217;s que v\u00e3o retornar ao reality- est\u00e1 &#8216;extraordin\u00e1ria&#8217;.<\/p>\n<p>&#8220;Eu posso te dizer o seguinte: \u00e9 imposs\u00edvel algu\u00e9m olhar a lista de Veteranos e Camarotes e dizer: &#8216;achei fraca&#8217;. \u00c9 imposs\u00edvel. Pode me cobrar.\u00a0A lista \u00e9 extraordin\u00e1ria. Ic\u00f4nica. Todo mundo vai falar: &#8216;Caramba, vai ser demais ver essa pessoa l\u00e1 dentro'&#8221;, garantiu o apresentador.<\/p>\n<p>E voc\u00ea? Se pudesse escolher algum ex-BBB para voltar, votaria em quem? Vote na enquete do portal<strong> O TEMPO:<\/strong><\/p>\n<p>\u00a0<\/p>\n<p>\u00a0<\/p>\n<p>\u00a0<\/p>\n","protected":false},"excerpt":{"rendered":"Gil do Vigor, Juliette, Davi Britto ou Ana Paula Renault? Se voc\u00ea pudesse escolher um ex-BBB para voltar&hellip;\n","protected":false},"author":2,"featured_media":174504,"comment_status":"","ping_status":"","sticky":false,"template":"","format":"standard","meta":{"footnotes":""},"categories":[145],"tags":[15986,211,210,36316,114,115,21425,16902,8309,32,33,36317],"class_list":{"0":"post-174503","1":"post","2":"type-post","3":"status-publish","4":"format-standard","5":"has-post-thumbnail","7":"category-celebridades","8":"tag-bbb-26","9":"tag-celebridades","10":"tag-celebrities","11":"tag-enquete-bbb","12":"tag-entertainment","13":"tag-entretenimento","14":"tag-ex-bbb","15":"tag-gil-do-vigor","16":"tag-juliette","17":"tag-portugal","18":"tag-pt","19":"tag-veteranos"},"share_on_mastodon":{"url":"https:\/\/pubeurope.com\/@pt\/115657192466348359","error":""},"_links":{"self":[{"href":"https:\/\/www.europesays.com\/pt\/wp-json\/wp\/v2\/posts\/174503","targetHints":{"allow":["GET"]}}],"collection":[{"href":"https:\/\/www.europesays.com\/pt\/wp-json\/wp\/v2\/posts"}],"about":[{"href":"https:\/\/www.europesays.com\/pt\/wp-json\/wp\/v2\/types\/post"}],"author":[{"embeddable":true,"href":"https:\/\/www.europesays.com\/pt\/wp-json\/wp\/v2\/users\/2"}],"replies":[{"embeddable":true,"href":"https:\/\/www.europesays.com\/pt\/wp-json\/wp\/v2\/comments?post=174503"}],"version-history":[{"count":0,"href":"https:\/\/www.europesays.com\/pt\/wp-json\/wp\/v2\/posts\/174503\/revisions"}],"wp:featuredmedia":[{"embeddable":true,"href":"https:\/\/www.europesays.com\/pt\/wp-json\/wp\/v2\/media\/174504"}],"wp:attachment":[{"href":"https:\/\/www.europesays.com\/pt\/wp-json\/wp\/v2\/media?parent=174503"}],"wp:term":[{"taxonomy":"category","embeddable":true,"href":"https:\/\/www.europesays.com\/pt\/wp-json\/wp\/v2\/categories?post=174503"},{"taxonomy":"post_tag","embeddable":true,"href":"https:\/\/www.europesays.com\/pt\/wp-json\/wp\/v2\/tags?post=174503"}],"curies":[{"name":"wp","href":"https:\/\/api.w.org\/{rel}","templated":true}]}}