{"id":174505,"date":"2025-12-03T19:06:10","date_gmt":"2025-12-03T19:06:10","guid":{"rendered":"https:\/\/www.europesays.com\/pt\/174505\/"},"modified":"2025-12-03T19:06:10","modified_gmt":"2025-12-03T19:06:10","slug":"enquanto-leandro-e-marisa-cortam-na-casaca-do-grupo-rival-bruna-ouve-tudo-atras-da-porta-secret-story","status":"publish","type":"post","link":"https:\/\/www.europesays.com\/pt\/174505\/","title":{"rendered":"Enquanto Leandro e Marisa cortam na casaca do &#8220;grupo rival&#8221;&#8230; Bruna ouve tudo atr\u00e1s da porta &#8211; Secret Story"},"content":{"rendered":"<p>No <strong>Secret Story 9<\/strong>, ainda na cama, Leandro e Marisa est\u00e3o a conversar e o concorrente diz que n\u00e3o gosta de fazer parte de grupos. Marisa diz que Bruna e In\u00eas estavam sempre com Bruno e Dylan e n\u00e3o se juntavam a eles, mas agora que os amigos sa\u00edram, j\u00e1 se aproximam do grupo. Leandro chega mesmo a dizer que Bruna e In\u00eas eram muito &#8220;dependentes&#8221;. Quem ouve tudo atr\u00e1s da porta \u00e9 Bruna, uma das visadas&#8230;<\/p>\n<p>Esta semana, quatro concorrentes est\u00e3o nomeados e em risco de expuls\u00e3o. <strong>Pode votar na APP oficial do TVI reality ou atrav\u00e9s das linhas telef\u00f3nicas<\/strong>.<\/p>\n<p><strong>VOTE PARA SALVAR:<\/strong><\/p>\n<p><strong>BRUNA\u00a0 \u2013\u00a0 761 20 20 03<br \/>LILIANA\u00a0 \u2013\u00a0 761 20 20 14<br \/>MARISA\u00a0 \u2013\u00a0 761 20 20 16<br \/>PEDRO\u00a0 \u2013\u00a0 761 20 20 18<\/strong><\/p>\n<p><strong><a href=\"https:\/\/tvi.iol.pt\/secretstory\/aominuto\" rel=\"nofollow noopener\" target=\"_blank\">Acompanhe aqui tudo o que se passa no Secret Story 9<\/a><\/strong><\/p>\n","protected":false},"excerpt":{"rendered":"No Secret Story 9, ainda na cama, Leandro e Marisa est\u00e3o a conversar e o concorrente diz que&hellip;\n","protected":false},"author":2,"featured_media":174506,"comment_status":"","ping_status":"","sticky":false,"template":"","format":"standard","meta":{"footnotes":""},"categories":[142],"tags":[114,115,19033,19034,32,33,151,19032],"class_list":{"0":"post-174505","1":"post","2":"type-post","3":"status-publish","4":"format-standard","5":"has-post-thumbnail","7":"category-tv","8":"tag-entertainment","9":"tag-entretenimento","10":"tag-galas-em-video","11":"tag-melhores-momentos-casa-dos-segredos","12":"tag-portugal","13":"tag-pt","14":"tag-tv","15":"tag-videos-secret-story-tvi"},"share_on_mastodon":{"url":"https:\/\/pubeurope.com\/@pt\/115657204541308373","error":""},"_links":{"self":[{"href":"https:\/\/www.europesays.com\/pt\/wp-json\/wp\/v2\/posts\/174505","targetHints":{"allow":["GET"]}}],"collection":[{"href":"https:\/\/www.europesays.com\/pt\/wp-json\/wp\/v2\/posts"}],"about":[{"href":"https:\/\/www.europesays.com\/pt\/wp-json\/wp\/v2\/types\/post"}],"author":[{"embeddable":true,"href":"https:\/\/www.europesays.com\/pt\/wp-json\/wp\/v2\/users\/2"}],"replies":[{"embeddable":true,"href":"https:\/\/www.europesays.com\/pt\/wp-json\/wp\/v2\/comments?post=174505"}],"version-history":[{"count":0,"href":"https:\/\/www.europesays.com\/pt\/wp-json\/wp\/v2\/posts\/174505\/revisions"}],"wp:featuredmedia":[{"embeddable":true,"href":"https:\/\/www.europesays.com\/pt\/wp-json\/wp\/v2\/media\/174506"}],"wp:attachment":[{"href":"https:\/\/www.europesays.com\/pt\/wp-json\/wp\/v2\/media?parent=174505"}],"wp:term":[{"taxonomy":"category","embeddable":true,"href":"https:\/\/www.europesays.com\/pt\/wp-json\/wp\/v2\/categories?post=174505"},{"taxonomy":"post_tag","embeddable":true,"href":"https:\/\/www.europesays.com\/pt\/wp-json\/wp\/v2\/tags?post=174505"}],"curies":[{"name":"wp","href":"https:\/\/api.w.org\/{rel}","templated":true}]}}