{"id":174511,"date":"2025-12-03T19:15:12","date_gmt":"2025-12-03T19:15:12","guid":{"rendered":"https:\/\/www.europesays.com\/pt\/174511\/"},"modified":"2025-12-03T19:15:12","modified_gmt":"2025-12-03T19:15:12","slug":"anibal-cavaco-silva-ex-presidente-da-republica-de-luto","status":"publish","type":"post","link":"https:\/\/www.europesays.com\/pt\/174511\/","title":{"rendered":"An\u00edbal Cavaco Silva, ex-Presidente da Rep\u00fablica, de luto"},"content":{"rendered":"<p class=\"category\"><a href=\"https:\/\/sicnoticias.pt\/pais\" rel=\"nofollow noopener\" target=\"_blank\">Pa\u00eds<\/a><\/p>\n<p>Irm\u00e3o do antigo Presidente da Rep\u00fablica, Rog\u00e9rio Cavaco Silva, morreu em Faro, aos 90 anos.<\/p>\n<p><img decoding=\"async\" src=\"https:\/\/www.europesays.com\/pt\/wp-content\/uploads\/2025\/12\/1764789312_397_original.webp\" alt=\"An\u00edbal Cavaco Silva, ex-Presidente da Rep\u00fablica, de luto\"\/><\/p>\n<p>Juan Naharro Gimenez<\/p>\n<p><strong>O antigo Presidente da Rep\u00fablica An\u00edbal Ant\u00f3nio Cavaco Silva<\/strong><strong> <\/strong><strong>est\u00e1 de luto<\/strong><strong>, na sequ\u00eancia da morte<\/strong><strong> do irm\u00e3o<\/strong><strong>, <\/strong><strong>Rog\u00e9rio Cavaco Silva<\/strong><strong>.<\/strong><\/p>\n<p>A not\u00edcia foi avan\u00e7ada pelo <a href=\"https:\/\/www.cmjornal.pt\/sociedade\/detalhe\/morreu-rogerio-cavaco-silva-irmao-do-antigo-presidente-da-republica\" target=\"_blank\" rel=\"noopener noreferrer nofollow\">Correio da Manh\u00e3<\/a>, na manh\u00e3 desta quarta-feira, 3 de dezembro, e d\u00e1 conta de que Rog\u00e9rio Cavaco Silva morreu aos 90 anos, em Faro.<\/p>\n","protected":false},"excerpt":{"rendered":"Pa\u00eds Irm\u00e3o do antigo Presidente da Rep\u00fablica, Rog\u00e9rio Cavaco Silva, morreu em Faro, aos 90 anos. Juan Naharro&hellip;\n","protected":false},"author":2,"featured_media":174512,"comment_status":"","ping_status":"","sticky":false,"template":"","format":"standard","meta":{"footnotes":""},"categories":[10],"tags":[27,28,15,16,14,25,26,21,22,12,13,19,20,32,23,24,33,17,18,29,30,31],"class_list":{"0":"post-174511","1":"post","2":"type-post","3":"status-publish","4":"format-standard","5":"has-post-thumbnail","7":"category-portugal","8":"tag-breaking-news","9":"tag-breakingnews","10":"tag-featured-news","11":"tag-featurednews","12":"tag-headlines","13":"tag-latest-news","14":"tag-latestnews","15":"tag-main-news","16":"tag-mainnews","17":"tag-news","18":"tag-noticias","19":"tag-noticias-principais","20":"tag-noticiasprincipais","21":"tag-portugal","22":"tag-principais-noticias","23":"tag-principaisnoticias","24":"tag-pt","25":"tag-top-stories","26":"tag-topstories","27":"tag-ultimas","28":"tag-ultimas-noticias","29":"tag-ultimasnoticias"},"share_on_mastodon":{"url":"https:\/\/pubeurope.com\/@pt\/115657239839156628","error":""},"_links":{"self":[{"href":"https:\/\/www.europesays.com\/pt\/wp-json\/wp\/v2\/posts\/174511","targetHints":{"allow":["GET"]}}],"collection":[{"href":"https:\/\/www.europesays.com\/pt\/wp-json\/wp\/v2\/posts"}],"about":[{"href":"https:\/\/www.europesays.com\/pt\/wp-json\/wp\/v2\/types\/post"}],"author":[{"embeddable":true,"href":"https:\/\/www.europesays.com\/pt\/wp-json\/wp\/v2\/users\/2"}],"replies":[{"embeddable":true,"href":"https:\/\/www.europesays.com\/pt\/wp-json\/wp\/v2\/comments?post=174511"}],"version-history":[{"count":0,"href":"https:\/\/www.europesays.com\/pt\/wp-json\/wp\/v2\/posts\/174511\/revisions"}],"wp:featuredmedia":[{"embeddable":true,"href":"https:\/\/www.europesays.com\/pt\/wp-json\/wp\/v2\/media\/174512"}],"wp:attachment":[{"href":"https:\/\/www.europesays.com\/pt\/wp-json\/wp\/v2\/media?parent=174511"}],"wp:term":[{"taxonomy":"category","embeddable":true,"href":"https:\/\/www.europesays.com\/pt\/wp-json\/wp\/v2\/categories?post=174511"},{"taxonomy":"post_tag","embeddable":true,"href":"https:\/\/www.europesays.com\/pt\/wp-json\/wp\/v2\/tags?post=174511"}],"curies":[{"name":"wp","href":"https:\/\/api.w.org\/{rel}","templated":true}]}}