{"id":174515,"date":"2025-12-03T19:18:10","date_gmt":"2025-12-03T19:18:10","guid":{"rendered":"https:\/\/www.europesays.com\/pt\/174515\/"},"modified":"2025-12-03T19:18:10","modified_gmt":"2025-12-03T19:18:10","slug":"o-criador-antonio-variacoes-em-85-fotos-no-mude-observador","status":"publish","type":"post","link":"https:\/\/www.europesays.com\/pt\/174515\/","title":{"rendered":"O &#8220;criador&#8221; Ant\u00f3nio Varia\u00e7\u00f5es em 85 fotos no MUDE \u2013 Observador"},"content":{"rendered":"<p>A mostra divide-se em quatro n\u00facleos. O primeiro apresenta Ant\u00f3nio Varia\u00e7\u00f5es de corpo inteiro ou a tr\u00eas quartos. Faz pose e tem visuais ousados onde predente mostrar como conjugava de forma \u00fanica roupas vintage e acess\u00f3rios. O segundo mostra o interior da casa do cantor e os in\u00fameros objetos que refletem a sua identidade e est\u00e9tica. \u201c\u00c9 extraordin\u00e1rio olhar para as fotografias da Teresa Couto Pinto e perceber que em algumas o Ant\u00f3nio est\u00e1 em pose e noutras outras vezes est\u00e1 em processo de prepara\u00e7\u00e3o e de estudo do gesto, do olhar, do movimento do corpo, da forma como olha para a c\u00e2mara, etc\u201d, descreve a diretora do museu.<\/p>\n<p>No terceiro n\u00facleo h\u00e1 uma carga dram\u00e1tica no olha e no quarto e \u00faltimo surge um conjunto de fotografias das duas sess\u00f5es preparat\u00f3rias para a capa do disco Dar &amp; Receber. Todas as imagens mostram um lado \u00edntimo, at\u00e9 de cumplicidade com a c\u00e2mara ou com a fot\u00f3grafa, e foram sempre captadas fora do palco.<\/p>\n<p>Segundo B\u00e1rbara Coutinho, a exposi\u00e7\u00e3o \u201cn\u00e3o \u00e9 estanque\u201d e flui de forma muito org\u00e2nica. \u201cSomos um museu de design e havia uma inten\u00e7\u00e3o clara de olhar para o Ant\u00f3nio Varia\u00e7\u00f5es enquanto uma das figuras maiores da nossa cultura pop, de algu\u00e9m original, que n\u00e3o se encaixava em lado nenhum e que tratava a imagem como poucos. Era de facto um p\u00f3s-modernista na verdadeira acess\u00e3o da palavra porque juntava pe\u00e7as das mais diferentes origens e estilos, fossem elas do folclore ou da cultura internacional. Tinha um grande sentido est\u00e9tico e fazia essa mistura com a imagem, como tamb\u00e9m fazia na m\u00fasica\u201d, explica a diretora do MUDE.<\/p>\n<p>Das pe\u00e7as que mandava confecionar atrav\u00e9s de tecidos comprados em retrosarias \u00e0 bijuteria comprada na Feira da Ladra, passando por um casaco de Pierre Cardin, \u201cAnt\u00f3nio Varia\u00e7\u00f5es n\u00e3o seguia modas, o Ant\u00f3nio Varia\u00e7\u00f5es foi um criador, fez a sua pr\u00f3pria moda, fez um estilo que era aut\u00eantico, original, de uma grande inventividade e isso marcou a \u00e9poca. Portanto, apresentar o Ant\u00f3nio com diferentes conce\u00e7\u00f5es de visual foi uma das nossas preocupa\u00e7\u00f5es\u201d, defende B\u00e1rbara Coutinho.<\/p>\n","protected":false},"excerpt":{"rendered":"A mostra divide-se em quatro n\u00facleos. O primeiro apresenta Ant\u00f3nio Varia\u00e7\u00f5es de corpo inteiro ou a tr\u00eas quartos.&hellip;\n","protected":false},"author":2,"featured_media":174516,"comment_status":"","ping_status":"","sticky":false,"template":"","format":"standard","meta":{"footnotes":""},"categories":[144],"tags":[207,205,206,203,201,202,315,204,114,115,14392,2085,17544,32,33],"class_list":{"0":"post-174515","1":"post","2":"type-post","3":"status-publish","4":"format-standard","5":"has-post-thumbnail","7":"category-arte-e-design","8":"tag-arte","9":"tag-arte-e-design","10":"tag-artedesign","11":"tag-arts","12":"tag-arts-and-design","13":"tag-artsanddesign","14":"tag-cultura","15":"tag-design","16":"tag-entertainment","17":"tag-entretenimento","18":"tag-exposiu00e7u00f5es","19":"tag-fotografia","20":"tag-museus","21":"tag-portugal","22":"tag-pt"},"share_on_mastodon":{"url":"https:\/\/pubeurope.com\/@pt\/115657251457369837","error":""},"_links":{"self":[{"href":"https:\/\/www.europesays.com\/pt\/wp-json\/wp\/v2\/posts\/174515","targetHints":{"allow":["GET"]}}],"collection":[{"href":"https:\/\/www.europesays.com\/pt\/wp-json\/wp\/v2\/posts"}],"about":[{"href":"https:\/\/www.europesays.com\/pt\/wp-json\/wp\/v2\/types\/post"}],"author":[{"embeddable":true,"href":"https:\/\/www.europesays.com\/pt\/wp-json\/wp\/v2\/users\/2"}],"replies":[{"embeddable":true,"href":"https:\/\/www.europesays.com\/pt\/wp-json\/wp\/v2\/comments?post=174515"}],"version-history":[{"count":0,"href":"https:\/\/www.europesays.com\/pt\/wp-json\/wp\/v2\/posts\/174515\/revisions"}],"wp:featuredmedia":[{"embeddable":true,"href":"https:\/\/www.europesays.com\/pt\/wp-json\/wp\/v2\/media\/174516"}],"wp:attachment":[{"href":"https:\/\/www.europesays.com\/pt\/wp-json\/wp\/v2\/media?parent=174515"}],"wp:term":[{"taxonomy":"category","embeddable":true,"href":"https:\/\/www.europesays.com\/pt\/wp-json\/wp\/v2\/categories?post=174515"},{"taxonomy":"post_tag","embeddable":true,"href":"https:\/\/www.europesays.com\/pt\/wp-json\/wp\/v2\/tags?post=174515"}],"curies":[{"name":"wp","href":"https:\/\/api.w.org\/{rel}","templated":true}]}}