{"id":174525,"date":"2025-12-03T19:29:15","date_gmt":"2025-12-03T19:29:15","guid":{"rendered":"https:\/\/www.europesays.com\/pt\/174525\/"},"modified":"2025-12-03T19:29:15","modified_gmt":"2025-12-03T19:29:15","slug":"os-fins-de-semana-sao-fatais-morte-de-seis-jovens-em-carro-incendiado-reforca-estatistica","status":"publish","type":"post","link":"https:\/\/www.europesays.com\/pt\/174525\/","title":{"rendered":"Os fins de semana s\u00e3o fatais. Morte de seis jovens em carro incendiado refor\u00e7a estat\u00edstica"},"content":{"rendered":"<p class=\"wp-caption-text top\">ZAP \/\/ DR<\/p>\n<p><img decoding=\"async\" loading=\"lazy\" class=\"wp-image-714758 size-kopa-image-size-3\" src=\"https:\/\/www.europesays.com\/pt\/wp-content\/uploads\/2025\/12\/5ca2aa845c8cd5ace6b016841f100d82-783x450.jpg\" alt=\"\" width=\"700\" height=\"402\"  \/><\/p>\n<p><strong>Os acidentes de via\u00e7\u00e3o continuam a ser a principal causa de morte violenta entre os jovens, em Portugal. Em m\u00e9dia, morrem 70 jovens entre os 15 e os 24 anos todos os anos, nas estradas portuguesa; e a tend\u00eancia \u00e9 de subida.<\/strong><\/p>\n<p>Na madrugada de domingo, <a href=\"https:\/\/zap.aeiou.pt\/5-mortos-em-carro-que-pegou-fogo-em-lisboa-714416\" data-wpel-link=\"internal\" rel=\"nofollow noopener\" target=\"_blank\">seis jovens morreram<\/a>, depois de um despiste de um autom\u00f3vel na Avenida das For\u00e7as Armadas, em Lisboa.<\/p>\n<p>Este caso \u2013 que vitimou seis pessoas com idades compreendidas entre os 19 e os 21 anos \u2013 veio <strong>agravar uma tend\u00eancia preocupante de acidentes de via\u00e7\u00e3o a envolver jovens<\/strong>.<\/p>\n<p>Segundo o <a href=\"https:\/\/www.cmjornal.pt\/portugal\/detalhe\/seis-amigos-que-morreram-carbonizados-em-lisboa-vinham-de-concerto-de-matias-damasio\" data-wpel-link=\"external\" target=\"_blank\" rel=\"nofollow external noopener noreferrer\" class=\"ext-link\">Correio da Manh\u00e3<\/a>, o acidente est\u00e1 ainda a ser investigado. No entanto, para j\u00e1, tudo indica que o <strong>excesso de velocidade<\/strong> esteja na origem do despiste, que provocou o inc\u00eandio do autom\u00f3vel e a morte de todos os seus ocupantes.<\/p>\n<p>Tend\u00eancia preocupante<\/p>\n<p>De acordo com um estudo recente da Preven\u00e7\u00e3o Rodovi\u00e1ria Portuguesa (PRP), citado pelo mesmo jornal, \u201cpara jovens entre os 18 e 24 anos o <strong>risco de morte em acidentes rodovi\u00e1rios \u00e9 30% superior ao do resto da popula\u00e7\u00e3o<\/strong>\u201d.<\/p>\n<p>\u201cEsta sobrerrepresenta\u00e7\u00e3o torna-se ainda mais evidente quando analisamos que, em 2012, os jovens constitu\u00edam apenas 8% da popula\u00e7\u00e3o mas representaram 15% do total de v\u00edtimas de acidentes rodovi\u00e1rios\u201d, acrescenta.<\/p>\n<p>O mesmo estudo revela que \u201c<strong>acidentes ao fim-de-semana<\/strong> s\u00e3o respons\u00e1veis por <strong>40% das mortes e feridos graves<\/strong> que vitimam condutores jovens, uma propor\u00e7\u00e3o significativamente superior aos 34% observados nos restantes grupos et\u00e1rios\u201d.<\/p>\n<p>Outra tend\u00eancia \u201cparticularmente preocupante \u00e9 o facto de cerca de um ter\u00e7o dos acidentes mortais ou com feridos graves em jovens condutores ocorrer <strong>entre a meia-noite e as 8h da manh\u00e3<\/strong>, comparado com apenas 17% no resto da popula\u00e7\u00e3o\u201d.<\/p>\n<p>Ora, percebe-se que o <strong>tr\u00e1gico acidente do \u00faltimo fim-de-semana<\/strong>, em Lisboa, em frente \u00e0 Embaixada dos EUA, <strong>refor\u00e7a esta estat\u00edstica<\/strong>.<\/p>\n<p>Moradores alertam para perigos<\/p>\n<p>Como escreve o Correio da Manh\u00e3, nos \u00faltimos anos, moradores da avenida da For\u00e7as Armadas (onde ocorreu este acidente), Entrecampos e avenida dos EUA entregaram <strong>v\u00e1rias peti\u00e7\u00f5es<\/strong> \u00e0 autarquia a apelar por <strong>mudan\u00e7as na via<\/strong>.<\/p>\n<p>Entre as mudan\u00e7as que visam alertar para a sinistralidade rodovi\u00e1ria e aumentar a seguran\u00e7a p\u00fablica naquelas zonas da cidade, os grupos de moradores reclamam a <strong>coloca\u00e7\u00e3o de radares e tr\u00eas faixas em em cada sentido<\/strong>.<\/p>\n<p>A PRP alertava, no \u00faltimo ver\u00e3o, que o padr\u00e3o encontrado no pr\u00f3prio estudo \u201csugere a necessidade de <strong>cria\u00e7\u00e3o campanhas espec\u00edficas<\/strong> dirigidas aos comportamentos de risco <strong>durante a noite e ao fim-de-semana<\/strong>\u201c.<\/p>\n<p>    <a href=\"https:\/\/zap.aeiou.pt\/subscrever-newsletter\" data-wpel-link=\"internal\" rel=\"nofollow noopener\" target=\"_blank\">&#13;<br \/>\n        <img loading=\"lazy\" decoding=\"async\" class=\"aligncenter size-full wp-image-575475\" src=\"https:\/\/www.europesays.com\/pt\/wp-content\/uploads\/2025\/11\/2d51fe4a0ba54894421ead1809309ed9-1-450x140.jpg\" alt=\"Subscreva a Newsletter ZAP\" width=\"450\" height=\"140\"\/>&#13;<br \/>\n    <\/a><\/p>\n<p>                <a href=\"https:\/\/whatsapp.com\/channel\/0029VaIC4EE2f3EJZPPSbR34\" data-wpel-link=\"external\" target=\"_blank\" rel=\"nofollow external noopener noreferrer\" class=\"ext-link\">&#13;<br \/>\n                    <img loading=\"lazy\" decoding=\"async\" class=\"aligncenter size-full wp-image-575475\" src=\"https:\/\/www.europesays.com\/pt\/wp-content\/uploads\/2025\/11\/c68c559d956d4ca20f435ed74a6e71e6.png\" alt=\"Siga-nos no WhatsApp\" width=\"175\" height=\"64\"\/>&#13;<br \/>\n                <\/a><\/p>\n<p>                <a href=\"https:\/\/news.google.com\/publications\/CAAiEHRwZondIV71PDjWNoqMduEqFAgKIhB0cGaJ3SFe9Tw41jaKjHbh?hl=en-US&amp;gl=US&amp;ceid=US%3Aen\" data-wpel-link=\"external\" target=\"_blank\" rel=\"nofollow external noopener noreferrer\" class=\"ext-link\">&#13;<br \/>\n                    <img loading=\"lazy\" decoding=\"async\" class=\"aligncenter size-full wp-image-575475\" src=\"https:\/\/www.europesays.com\/pt\/wp-content\/uploads\/2025\/11\/5123dd8b087b644fdb8f8603acd1bad4.png\" alt=\"Siga-nos no Google News\" width=\"176\" height=\"64\"\/>&#13;<br \/>\n                <\/a><\/p>\n","protected":false},"excerpt":{"rendered":"ZAP \/\/ DR Os acidentes de via\u00e7\u00e3o continuam a ser a principal causa de morte violenta entre os&hellip;\n","protected":false},"author":2,"featured_media":174526,"comment_status":"","ping_status":"","sticky":false,"template":"","format":"standard","meta":{"footnotes":""},"categories":[10],"tags":[1455,27,28,3981,15,16,14,25,26,21,22,4998,1437,12,13,19,20,32,20059,23,24,33,6897,17,18,2588,29,30,31],"class_list":{"0":"post-174525","1":"post","2":"type-post","3":"status-publish","4":"format-standard","5":"has-post-thumbnail","7":"category-portugal","8":"tag-acidentes","9":"tag-breaking-news","10":"tag-breakingnews","11":"tag-carro","12":"tag-featured-news","13":"tag-featurednews","14":"tag-headlines","15":"tag-latest-news","16":"tag-latestnews","17":"tag-main-news","18":"tag-mainnews","19":"tag-mobilidade","20":"tag-morte","21":"tag-news","22":"tag-noticias","23":"tag-noticias-principais","24":"tag-noticiasprincipais","25":"tag-portugal","26":"tag-prevencao-rodoviaria","27":"tag-principais-noticias","28":"tag-principaisnoticias","29":"tag-pt","30":"tag-seguranca-rodoviaria","31":"tag-top-stories","32":"tag-topstories","33":"tag-transportes","34":"tag-ultimas","35":"tag-ultimas-noticias","36":"tag-ultimasnoticias"},"share_on_mastodon":{"url":"https:\/\/pubeurope.com\/@pt\/115657295409577190","error":""},"_links":{"self":[{"href":"https:\/\/www.europesays.com\/pt\/wp-json\/wp\/v2\/posts\/174525","targetHints":{"allow":["GET"]}}],"collection":[{"href":"https:\/\/www.europesays.com\/pt\/wp-json\/wp\/v2\/posts"}],"about":[{"href":"https:\/\/www.europesays.com\/pt\/wp-json\/wp\/v2\/types\/post"}],"author":[{"embeddable":true,"href":"https:\/\/www.europesays.com\/pt\/wp-json\/wp\/v2\/users\/2"}],"replies":[{"embeddable":true,"href":"https:\/\/www.europesays.com\/pt\/wp-json\/wp\/v2\/comments?post=174525"}],"version-history":[{"count":0,"href":"https:\/\/www.europesays.com\/pt\/wp-json\/wp\/v2\/posts\/174525\/revisions"}],"wp:featuredmedia":[{"embeddable":true,"href":"https:\/\/www.europesays.com\/pt\/wp-json\/wp\/v2\/media\/174526"}],"wp:attachment":[{"href":"https:\/\/www.europesays.com\/pt\/wp-json\/wp\/v2\/media?parent=174525"}],"wp:term":[{"taxonomy":"category","embeddable":true,"href":"https:\/\/www.europesays.com\/pt\/wp-json\/wp\/v2\/categories?post=174525"},{"taxonomy":"post_tag","embeddable":true,"href":"https:\/\/www.europesays.com\/pt\/wp-json\/wp\/v2\/tags?post=174525"}],"curies":[{"name":"wp","href":"https:\/\/api.w.org\/{rel}","templated":true}]}}