{"id":174529,"date":"2025-12-03T19:32:10","date_gmt":"2025-12-03T19:32:10","guid":{"rendered":"https:\/\/www.europesays.com\/pt\/174529\/"},"modified":"2025-12-03T19:32:10","modified_gmt":"2025-12-03T19:32:10","slug":"louvre-inaugura-nova-galeria-apos-roubo-de-joias-03-12-2025-ilustrada","status":"publish","type":"post","link":"https:\/\/www.europesays.com\/pt\/174529\/","title":{"rendered":"Louvre inaugura nova galeria ap\u00f3s roubo de joias &#8211; 03\/12\/2025 &#8211; Ilustrada"},"content":{"rendered":"<p>O Museu do Louvre, no centro das aten\u00e7\u00f5es desde o<a href=\"https:\/\/www1.folha.uol.com.br\/ilustrada\/2025\/10\/por-que-joias-como-as-do-louvre-sao-dificeis-de-serem-recuperadas-apos-roubos.shtml\" rel=\"nofollow noopener\" target=\"\"> roubo das joias da Coroa em outubro<\/a>, inaugura nesta quarta-feira (3) uma nova galeria com 130 obras de diferentes civiliza\u00e7\u00f5es, incluindo um <a href=\"https:\/\/www1.folha.uol.com.br\/ciencia\/2025\/11\/estatuas-da-ilha-de-pascoa-teriam-sido-transportadas-de-pe-por-meio-de-caminhada.shtml\" rel=\"nofollow noopener\" target=\"\">moai da Ilha de P\u00e1scoa<\/a>, para promover um di\u00e1logo entre continentes e \u00e9pocas.<\/p>\n<p>Esse espa\u00e7o &#8220;faz parte dos projetos que impulsionei ao longo destes quatro anos com a inten\u00e7\u00e3o de renovar completamente o museu, inclusive no \u00e2mbito da seguran\u00e7a&#8221;, declarou nesta ter\u00e7a-feira \u00e0 imprensa a presidente do Louvre, Laurence des Cars, que dirige o estabelecimento desde 2021.<\/p>\n<p>&#8220;Poder\u00e3o contar as c\u00e2meras e os sensores nas vitrines&#8221;, acrescentou, em refer\u00eancia ao <a href=\"https:\/\/www1.folha.uol.com.br\/amp\/mundo\/2025\/12\/seguranca-em-galeria-roubada-do-louvre-nao-era-ponto-a-ser-vigiado-diz-presidente-do-museu.shtml\" rel=\"nofollow noopener\" target=\"\">aumento da seguran\u00e7a<\/a> ap\u00f3s o espetacular furto de 19 de outubro. Essa galeria, chamada de os cinco continentes, defende uma &#8220;abordagem sem barreiras&#8221; da hist\u00f3ria da arte, segundo um comunicado do Louvre.<\/p>\n<p>Nela se encontram, entre outras obras, um sarc\u00f3fago eg\u00edpcio do ano 200 a.C. e uma est\u00e1tua moai da Ilha de P\u00e1scoa, no Chile, datada entre os s\u00e9culos 11 e 15.<\/p>\n<p>Nesse amplo espa\u00e7o de 1.000 m\u00b2, as obras n\u00e3o est\u00e3o organizadas por \u00e1rea geogr\u00e1fica ou \u00e9poca, mas por grandes temas, como &#8220;nascer e morrer&#8221;, &#8220;crer&#8221; e &#8220;demonstrar autoridade&#8221;. Em uma mesma vitrine, por exemplo, um crucifixo chin\u00eas do s\u00e9culo 17 \u00e9 exibido ao lado de uma escultura antropom\u00f3rfica da Ilha de P\u00e1scoa dos s\u00e9culos 18 e 19, representando s\u00edmbolos da f\u00e9.<\/p>\n<p>Assim, na galeria totalmente renovada, coexistem 42 obras das cole\u00e7\u00f5es do Louvre \u2014entre esculturas, objetos de arte, antiguidades gregas, romanas e eg\u00edpcias\u2014 e 77 pe\u00e7as provenientes do museu do <a href=\"https:\/\/www1.folha.uol.com.br\/ilustrada\/2025\/10\/por-que-joias-como-as-do-louvre-sao-dificeis-de-serem-recuperadas-apos-roubos.shtml\" rel=\"nofollow noopener\" target=\"\">Quai Branly<\/a>, al\u00e9m de empr\u00e9stimos de outros museus.<\/p>\n<p>A exposi\u00e7\u00e3o tamb\u00e9m busca fomentar uma &#8220;reflex\u00e3o sobre a proced\u00eancia dos objetos&#8221;, em um contexto no qual as <a href=\"https:\/\/www1.folha.uol.com.br\/ilustrada\/2023\/07\/como-o-retorno-do-manto-tupinamba-ao-brasil-debate-a-repatriacao-de-reliquias.shtml\" rel=\"nofollow noopener\" target=\"\">demandas de restitui\u00e7\u00e3o por parte de v\u00e1rios pa\u00edses<\/a> reacendem o debate sobre a origem das cole\u00e7\u00f5es dos museus europeus.<\/p>\n<p>&#8220;Tornou-se um tema importante para todos os pa\u00edses do mundo&#8221;, avaliou Des Cars. O Louvre, que recentemente precisou fechar uma galeria devido ao mau estado do edif\u00edcio, anunciou tamb\u00e9m a reabertura nesta quarta-feira (3) do espa\u00e7o dedicado \u00e0 pintura italiana e espanhola dos s\u00e9culos 17 e 18, situado no mesmo local e cujas salas foram completamente restauradas.<\/p>\n<p>&#8220;\u00c9 um projeto global de renova\u00e7\u00e3o e faz parte desses projetos que buscam devolver o gosto pelo Louvre a todos os seus visitantes&#8221;, afirmou Des Cars. Esse espa\u00e7o, cujas obras de renova\u00e7\u00e3o duraram um ano, exibe obras de Zurbar\u00e1n, Ribera e Goya, entre outras.<\/p>\n<p>A nova disposi\u00e7\u00e3o permite expor, justamente, quatro placas de cobre gravadas pelo mestre aragon\u00eas para sua s\u00e9rie &#8220;Disparates&#8221;, adquiridas pelo museu em 2011, segundo um comunicado da institui\u00e7\u00e3o.<\/p>\n<p>O Louvre, o museu mais visitado do mundo, est\u00e1 no centro das aten\u00e7\u00f5es desde o roubo de oito joias da Coroa, avaliadas em mais de 100 milh\u00f5es de d\u00f3lares (cerca de 534 milh\u00f5es de reais), cometido por um grupo de quatro homens que invadiu uma das galerias por um balc\u00e3o. Embora os quatro supostos integrantes desse comando tenham sido detidos e acusados, as pe\u00e7as roubadas seguem desaparecidas.<\/p>\n","protected":false},"excerpt":{"rendered":"O Museu do Louvre, no centro das aten\u00e7\u00f5es desde o roubo das joias da Coroa em outubro, inaugura&hellip;\n","protected":false},"author":2,"featured_media":174530,"comment_status":"","ping_status":"","sticky":false,"template":"","format":"standard","meta":{"footnotes":""},"categories":[144],"tags":[207,205,206,203,201,202,204,114,115,236,208,27439,17544,32,33],"class_list":{"0":"post-174529","1":"post","2":"type-post","3":"status-publish","4":"format-standard","5":"has-post-thumbnail","7":"category-arte-e-design","8":"tag-arte","9":"tag-arte-e-design","10":"tag-artedesign","11":"tag-arts","12":"tag-arts-and-design","13":"tag-artsanddesign","14":"tag-design","15":"tag-entertainment","16":"tag-entretenimento","17":"tag-folha","18":"tag-franca","19":"tag-louvre","20":"tag-museus","21":"tag-portugal","22":"tag-pt"},"share_on_mastodon":{"url":"https:\/\/pubeurope.com\/@pt\/115657306446886645","error":""},"_links":{"self":[{"href":"https:\/\/www.europesays.com\/pt\/wp-json\/wp\/v2\/posts\/174529","targetHints":{"allow":["GET"]}}],"collection":[{"href":"https:\/\/www.europesays.com\/pt\/wp-json\/wp\/v2\/posts"}],"about":[{"href":"https:\/\/www.europesays.com\/pt\/wp-json\/wp\/v2\/types\/post"}],"author":[{"embeddable":true,"href":"https:\/\/www.europesays.com\/pt\/wp-json\/wp\/v2\/users\/2"}],"replies":[{"embeddable":true,"href":"https:\/\/www.europesays.com\/pt\/wp-json\/wp\/v2\/comments?post=174529"}],"version-history":[{"count":0,"href":"https:\/\/www.europesays.com\/pt\/wp-json\/wp\/v2\/posts\/174529\/revisions"}],"wp:featuredmedia":[{"embeddable":true,"href":"https:\/\/www.europesays.com\/pt\/wp-json\/wp\/v2\/media\/174530"}],"wp:attachment":[{"href":"https:\/\/www.europesays.com\/pt\/wp-json\/wp\/v2\/media?parent=174529"}],"wp:term":[{"taxonomy":"category","embeddable":true,"href":"https:\/\/www.europesays.com\/pt\/wp-json\/wp\/v2\/categories?post=174529"},{"taxonomy":"post_tag","embeddable":true,"href":"https:\/\/www.europesays.com\/pt\/wp-json\/wp\/v2\/tags?post=174529"}],"curies":[{"name":"wp","href":"https:\/\/api.w.org\/{rel}","templated":true}]}}