{"id":174540,"date":"2025-12-03T19:44:11","date_gmt":"2025-12-03T19:44:11","guid":{"rendered":"https:\/\/www.europesays.com\/pt\/174540\/"},"modified":"2025-12-03T19:44:11","modified_gmt":"2025-12-03T19:44:11","slug":"menina-de-seis-anos-morreu-no-dentista-clinico-foi-detido-por-homicidio-negligente","status":"publish","type":"post","link":"https:\/\/www.europesays.com\/pt\/174540\/","title":{"rendered":"Menina de seis anos morreu no dentista. Cl\u00ednico foi detido por homic\u00eddio negligente"},"content":{"rendered":"<p data-remotead-prev-elm=\"true\" data-remotead-elm-id=\"inread\">A menina de seis anos foi tratada na Cl\u00ednica Dent\u00e1ria Mireia no passado dia 20 de novembro. Ap\u00f3s a administra\u00e7\u00e3o de um sedativo para extrair dentes de leite, come\u00e7ou a sentir sonol\u00eancia, v\u00f3mitos e dificuldades respirat\u00f3rias. Chegou ao Hospital de la Ribera \u00e0s 16.52 horas, j\u00e1 em paragem cardiorrespirat\u00f3ria e, apesar das manobras de reanima\u00e7\u00e3o, acabou por falecer.<\/p>\n<p>Horas mais tarde, outra crian\u00e7a, de quatro anos, atendida na mesma cl\u00ednica, apresentou sintomas id\u00eanticos e teve de ser internada. A menor foi mantida v\u00e1rios dias nos cuidados intensivos pedi\u00e1tricos do Hospital Cl\u00ednico de Val\u00eancia, tendo recuperado.<\/p>\n<p>Perante os incidentes, o Minist\u00e9rio da Sa\u00fade suspendeu de imediato a atividade da cl\u00ednica e abriu uma investiga\u00e7\u00e3o para apurar responsabilidades. O organismo confirmou que o centro n\u00e3o dispunha de autoriza\u00e7\u00e3o para realizar procedimentos que envolvessem anestesia intravenosa.<\/p>\n<p data-remotead-prev-elm=\"true\" data-remotead-elm-id=\"centro1\">A dentista e propriet\u00e1ria da cl\u00ednica, Mireia V., de 50 anos, afirmou ao jornal espanhol &#8220;El Pa\u00eds&#8221; que o lote do medicamento utilizado estava sob investiga\u00e7\u00e3o e alegou desconhecer o que poder\u00e1 ter ocorrido. \u00d3scar Castro, presidente do Conselho de Dentistas, explicou ao jornal que a seda\u00e7\u00e3o \u00e9 um procedimento comum em crian\u00e7as muito ansiosas, mas alertou que \u00e9 necess\u00e1rio garantir a rastreabilidade e a legalidade dos produtos administrados. &#8220;At\u00e9 se verificar que medicamentos foram usados e a sua origem, \u00e9 imposs\u00edvel saber o que aconteceu&#8221;, declarou.<\/p>\n<p>Tamb\u00e9m David Callejo, anestesista pedi\u00e1trico, classificou o caso como &#8220;muito estranho&#8221;, sublinhando que mortes associadas \u00e0 seda\u00e7\u00e3o em crian\u00e7as s\u00e3o raras e ocorrem, regra geral, em contexto hospitalar e durante o procedimento, n\u00e3o ap\u00f3s a alta.<\/p>\n<p>Profissionais detidos<\/p>\n<p>O anestesista, de 43 anos, foi o primeiro a ser detido, por volta das 9 horas de hoje. O homem prestava servi\u00e7os espor\u00e1dicos \u00e0 cl\u00ednica e, segundo o site da institui\u00e7\u00e3o, n\u00e3o fazia parte do quadro permanente. Ao profissional \u00e9 ainda imputado um crime de furto, por alegadamente retirar medicamentos de um hospital para uso em cl\u00ednicas privadas.<\/p>\n<p data-remotead-prev-elm=\"true\" data-remotead-elm-id=\"centro2\">Horas depois, a propriet\u00e1ria da cl\u00ednica tamb\u00e9m foi detida, por suspeitas de omiss\u00e3o do dever de socorro e crime contra a sa\u00fade p\u00fablica.<\/p>\n<p>O anestesista j\u00e1 foi interrogado pela Secretaria de Sa\u00fade e pelo Grupo de Homic\u00eddios da Pol\u00edcia Nacional. As autoridades realizaram ainda uma inspe\u00e7\u00e3o de quase sete horas na cl\u00ednica para recolher documenta\u00e7\u00e3o e subst\u00e2ncias utilizadas, agora em an\u00e1lise laboratorial.<\/p>\n<p>Aut\u00f3psia inconclusiva<\/p>\n<p>A aut\u00f3psia ao corpo da menina n\u00e3o identificou uma causa direta para a morte, pelo que o tribunal aguarda resultados toxicol\u00f3gicos adicionais, ao sangue, urina e tecidos, para determinar o que desencadeou a fal\u00eancia respirat\u00f3ria da crian\u00e7a.<\/p>\n<p>O processo encontra-se a cargo do Tribunal de Instru\u00e7\u00e3o n\u00famero 5 de Alzira, que continua a apurar responsabilidades.<\/p>\n","protected":false},"excerpt":{"rendered":"A menina de seis anos foi tratada na Cl\u00ednica Dent\u00e1ria Mireia no passado dia 20 de novembro. Ap\u00f3s&hellip;\n","protected":false},"author":2,"featured_media":174541,"comment_status":"","ping_status":"","sticky":false,"template":"","format":"standard","meta":{"footnotes":""},"categories":[8],"tags":[27,28,604,640,15,16,14,25,26,21,22,1437,62,12,13,19,20,32,23,24,33,17,18,29,30,31],"class_list":{"0":"post-174540","1":"post","2":"type-post","3":"status-publish","4":"format-standard","5":"has-post-thumbnail","7":"category-principais-noticias","8":"tag-breaking-news","9":"tag-breakingnews","10":"tag-crime","11":"tag-espanha","12":"tag-featured-news","13":"tag-featurednews","14":"tag-headlines","15":"tag-latest-news","16":"tag-latestnews","17":"tag-main-news","18":"tag-mainnews","19":"tag-morte","20":"tag-mundo","21":"tag-news","22":"tag-noticias","23":"tag-noticias-principais","24":"tag-noticiasprincipais","25":"tag-portugal","26":"tag-principais-noticias","27":"tag-principaisnoticias","28":"tag-pt","29":"tag-top-stories","30":"tag-topstories","31":"tag-ultimas","32":"tag-ultimas-noticias","33":"tag-ultimasnoticias"},"share_on_mastodon":{"url":"https:\/\/pubeurope.com\/@pt\/115657353822521580","error":""},"_links":{"self":[{"href":"https:\/\/www.europesays.com\/pt\/wp-json\/wp\/v2\/posts\/174540","targetHints":{"allow":["GET"]}}],"collection":[{"href":"https:\/\/www.europesays.com\/pt\/wp-json\/wp\/v2\/posts"}],"about":[{"href":"https:\/\/www.europesays.com\/pt\/wp-json\/wp\/v2\/types\/post"}],"author":[{"embeddable":true,"href":"https:\/\/www.europesays.com\/pt\/wp-json\/wp\/v2\/users\/2"}],"replies":[{"embeddable":true,"href":"https:\/\/www.europesays.com\/pt\/wp-json\/wp\/v2\/comments?post=174540"}],"version-history":[{"count":0,"href":"https:\/\/www.europesays.com\/pt\/wp-json\/wp\/v2\/posts\/174540\/revisions"}],"wp:featuredmedia":[{"embeddable":true,"href":"https:\/\/www.europesays.com\/pt\/wp-json\/wp\/v2\/media\/174541"}],"wp:attachment":[{"href":"https:\/\/www.europesays.com\/pt\/wp-json\/wp\/v2\/media?parent=174540"}],"wp:term":[{"taxonomy":"category","embeddable":true,"href":"https:\/\/www.europesays.com\/pt\/wp-json\/wp\/v2\/categories?post=174540"},{"taxonomy":"post_tag","embeddable":true,"href":"https:\/\/www.europesays.com\/pt\/wp-json\/wp\/v2\/tags?post=174540"}],"curies":[{"name":"wp","href":"https:\/\/api.w.org\/{rel}","templated":true}]}}