{"id":174546,"date":"2025-12-03T19:48:11","date_gmt":"2025-12-03T19:48:11","guid":{"rendered":"https:\/\/www.europesays.com\/pt\/174546\/"},"modified":"2025-12-03T19:48:11","modified_gmt":"2025-12-03T19:48:11","slug":"afinal-quem-tem-mais-ciumes-fabio-e-liliana-entram-em-bate-boca-com-ines-e-bruna-secret-story","status":"publish","type":"post","link":"https:\/\/www.europesays.com\/pt\/174546\/","title":{"rendered":"Afinal quem tem mais ci\u00fames? F\u00e1bio e Liliana entram em bate boca com In\u00eas e Bruna &#8211; Secret Story"},"content":{"rendered":"<p style=\"margin-bottom:4px\">Desafiados pela Voz, os concorrentes devem posicionar-se de acordo com frases que surgem no plasma. A Bruna considera que ci\u00fames para si s\u00e3o tudo menos sinal de amor, pois quando h\u00e1 amor n\u00e3o h\u00e1 espa\u00e7o para ci\u00fames e tem de haver confian\u00e7a. A In\u00eas concorda e o Pedro atira que a concorrente teve ci\u00fames do Dylan e da Vera. A In\u00eas garante que isso n\u00e3o aconteceu e os dois concorrentes entram em desacordo. Depois da atividade, a Liliana comenta com a Marisa que se a Vera ainda estivesse na casa e fosse para o quarto secreto com o Dylan, a In\u00eas n\u00e3o ia conseguir esconder os ci\u00fames. No jardim, a Bruna e a In\u00eas comentam que n\u00e3o vale a pena discutir com algu\u00e9m que acha que o facto de a Liliana terminar um noivado foi uma prova de amor\u2026<\/p>\n<p><strong>Esta semana, quatro concorrentes est\u00e3o nomeados e em risco de expuls\u00e3o. Pode votar na APP oficial do TVI reality ou atrav\u00e9s das linhas telef\u00f3nicas.<\/strong><\/p>\n<p>VOTE PARA SALVAR:<\/p>\n<p>BRUNA \u00a0\u2013 \u00a0761 20 20 03<br \/>LILIANA \u00a0\u2013 \u00a0761 20 20 14<br \/>MARISA \u00a0\u2013 \u00a0761 20 20 16<br \/>PEDRO \u00a0\u2013 \u00a0761 20 20 18<\/p>\n<p><a href=\"https:\/\/tvi.iol.pt\/secretstory\/aominuto\" rel=\"nofollow noopener\" target=\"_blank\">Acompanhe aqui tudo o que se passa no Secret Story 9<\/a><\/p>\n","protected":false},"excerpt":{"rendered":"Desafiados pela Voz, os concorrentes devem posicionar-se de acordo com frases que surgem no plasma. A Bruna considera&hellip;\n","protected":false},"author":2,"featured_media":174547,"comment_status":"","ping_status":"","sticky":false,"template":"","format":"standard","meta":{"footnotes":""},"categories":[142],"tags":[114,115,19082,19033,19016,19034,32,33,151,19032],"class_list":{"0":"post-174546","1":"post","2":"type-post","3":"status-publish","4":"format-standard","5":"has-post-thumbnail","7":"category-tv","8":"tag-entertainment","9":"tag-entretenimento","10":"tag-fabio","11":"tag-galas-em-video","12":"tag-liliana","13":"tag-melhores-momentos-casa-dos-segredos","14":"tag-portugal","15":"tag-pt","16":"tag-tv","17":"tag-videos-secret-story-tvi"},"share_on_mastodon":{"url":"https:\/\/pubeurope.com\/@pt\/115657369497982382","error":""},"_links":{"self":[{"href":"https:\/\/www.europesays.com\/pt\/wp-json\/wp\/v2\/posts\/174546","targetHints":{"allow":["GET"]}}],"collection":[{"href":"https:\/\/www.europesays.com\/pt\/wp-json\/wp\/v2\/posts"}],"about":[{"href":"https:\/\/www.europesays.com\/pt\/wp-json\/wp\/v2\/types\/post"}],"author":[{"embeddable":true,"href":"https:\/\/www.europesays.com\/pt\/wp-json\/wp\/v2\/users\/2"}],"replies":[{"embeddable":true,"href":"https:\/\/www.europesays.com\/pt\/wp-json\/wp\/v2\/comments?post=174546"}],"version-history":[{"count":0,"href":"https:\/\/www.europesays.com\/pt\/wp-json\/wp\/v2\/posts\/174546\/revisions"}],"wp:featuredmedia":[{"embeddable":true,"href":"https:\/\/www.europesays.com\/pt\/wp-json\/wp\/v2\/media\/174547"}],"wp:attachment":[{"href":"https:\/\/www.europesays.com\/pt\/wp-json\/wp\/v2\/media?parent=174546"}],"wp:term":[{"taxonomy":"category","embeddable":true,"href":"https:\/\/www.europesays.com\/pt\/wp-json\/wp\/v2\/categories?post=174546"},{"taxonomy":"post_tag","embeddable":true,"href":"https:\/\/www.europesays.com\/pt\/wp-json\/wp\/v2\/tags?post=174546"}],"curies":[{"name":"wp","href":"https:\/\/api.w.org\/{rel}","templated":true}]}}