{"id":174554,"date":"2025-12-03T19:52:16","date_gmt":"2025-12-03T19:52:16","guid":{"rendered":"https:\/\/www.europesays.com\/pt\/174554\/"},"modified":"2025-12-03T19:52:16","modified_gmt":"2025-12-03T19:52:16","slug":"dgs-rejeita-acusacoes-de-discriminacao-apos-polemica-com-imagem-do-dia-mundial-da-sida-o-amarense","status":"publish","type":"post","link":"https:\/\/www.europesays.com\/pt\/174554\/","title":{"rendered":"DGS rejeita acusa\u00e7\u00f5es de discrimina\u00e7\u00e3o ap\u00f3s pol\u00e9mica com imagem do Dia Mundial da Sida \u2013 O Amarense"},"content":{"rendered":"<p>A Dire\u00e7\u00e3o-Geral da Sa\u00fade (DGS) veio esta segunda-feira rejeitar \u201cqualquer discrimina\u00e7\u00e3o seja por que motivo for\u201d, ap\u00f3s uma onda de coment\u00e1rios de desagrado nas redes sociais dirigidos a uma publica\u00e7\u00e3o sobre o Dia Internacional da Luta Contra a Sida.<\/p>\n<p>Em comunicado enviado \u00e0 ag\u00eancia Lusa, citado pelo\u00a0Sa\u00fade Mais,\u00a0a autoridade de sa\u00fade sublinhou que cumpre os princ\u00edpios da Carta dos Direitos Fundamentais da Uni\u00e3o Europeia, que condena discrimina\u00e7\u00e3o em raz\u00e3o de sexo, ra\u00e7a, cor, origem \u00e9tnica ou social, entre outros fatores.<\/p>\n<p>A controv\u00e9rsia surgiu ap\u00f3s a DGS partilhar nas suas plataformas digitais uma imagem disponibilizada pela\u00a0<a href=\"https:\/\/x.com\/UNAIDS\/status\/1995055211304362438\" rel=\"nofollow\">ONUSIDA<\/a>, com tr\u00eas pessoas negras de bra\u00e7o erguido e a mensagem \u201cA Sida n\u00e3o acabou\u201d. A publica\u00e7\u00e3o motivou v\u00e1rios coment\u00e1rios cr\u00edticos por parte de utilizadores que consideraram a imagem inadequada ou discriminat\u00f3ria.<\/p>\n<p>A DGS esclareceu que a imagem foi \u201cproduzida e disponibilizada pela ONUSIDA\u201d para assinalar a data e que apenas procedeu \u00e0 tradu\u00e7\u00e3o para portugu\u00eas. O material, acrescentou, foi igualmente divulgado por parceiros comunit\u00e1rios.<\/p>\n<p>Durante o dia, a DGS substituiu a vers\u00e3o traduzida pela imagem original em ingl\u00eas (\u201cAIDS is not over\u201d), alegando pretender refor\u00e7ar a perce\u00e7\u00e3o da mensagem e da sua origem institucional, \u201csempre em pleno respeito pelos direitos humanos\u201d.<\/p>\n<p>A autoridade de sa\u00fade acrescenta que o objetivo da campanha \u00e9 sensibilizar para o facto de que a Sida \u201cainda n\u00e3o acabou\u201d e que continua a existir um longo caminho a percorrer para reduzir riscos e alcan\u00e7ar as metas dos Objetivos de Desenvolvimento Sustent\u00e1vel, que apontam para a elimina\u00e7\u00e3o da doen\u00e7a como amea\u00e7a de sa\u00fade p\u00fablica at\u00e9 2030.<\/p>\n<p><a href=\"https:\/\/oamarense.pt\/cdn-cgi\/l\/email-protection\" class=\"__cf_email__\" data-cfemail=\"2b444a464a594e45584e6b4c464a424705484446\" rel=\"nofollow noopener\" target=\"_blank\">[email\u00a0protected]<\/a><\/p>\n","protected":false},"excerpt":{"rendered":"A Dire\u00e7\u00e3o-Geral da Sa\u00fade (DGS) veio esta segunda-feira rejeitar \u201cqualquer discrimina\u00e7\u00e3o seja por que motivo for\u201d, ap\u00f3s uma&hellip;\n","protected":false},"author":2,"featured_media":174555,"comment_status":"","ping_status":"","sticky":false,"template":"","format":"standard","meta":{"footnotes":""},"categories":[86],"tags":[116,32,33,117],"class_list":{"0":"post-174554","1":"post","2":"type-post","3":"status-publish","4":"format-standard","5":"has-post-thumbnail","7":"category-saude","8":"tag-health","9":"tag-portugal","10":"tag-pt","11":"tag-saude"},"share_on_mastodon":{"url":"https:\/\/pubeurope.com\/@pt\/115657385130715689","error":""},"_links":{"self":[{"href":"https:\/\/www.europesays.com\/pt\/wp-json\/wp\/v2\/posts\/174554","targetHints":{"allow":["GET"]}}],"collection":[{"href":"https:\/\/www.europesays.com\/pt\/wp-json\/wp\/v2\/posts"}],"about":[{"href":"https:\/\/www.europesays.com\/pt\/wp-json\/wp\/v2\/types\/post"}],"author":[{"embeddable":true,"href":"https:\/\/www.europesays.com\/pt\/wp-json\/wp\/v2\/users\/2"}],"replies":[{"embeddable":true,"href":"https:\/\/www.europesays.com\/pt\/wp-json\/wp\/v2\/comments?post=174554"}],"version-history":[{"count":0,"href":"https:\/\/www.europesays.com\/pt\/wp-json\/wp\/v2\/posts\/174554\/revisions"}],"wp:featuredmedia":[{"embeddable":true,"href":"https:\/\/www.europesays.com\/pt\/wp-json\/wp\/v2\/media\/174555"}],"wp:attachment":[{"href":"https:\/\/www.europesays.com\/pt\/wp-json\/wp\/v2\/media?parent=174554"}],"wp:term":[{"taxonomy":"category","embeddable":true,"href":"https:\/\/www.europesays.com\/pt\/wp-json\/wp\/v2\/categories?post=174554"},{"taxonomy":"post_tag","embeddable":true,"href":"https:\/\/www.europesays.com\/pt\/wp-json\/wp\/v2\/tags?post=174554"}],"curies":[{"name":"wp","href":"https:\/\/api.w.org\/{rel}","templated":true}]}}