{"id":174562,"date":"2025-12-03T20:01:24","date_gmt":"2025-12-03T20:01:24","guid":{"rendered":"https:\/\/www.europesays.com\/pt\/174562\/"},"modified":"2025-12-03T20:01:24","modified_gmt":"2025-12-03T20:01:24","slug":"sergio-rossi-e-a-filha-yara-estao-de-costas-voltadas-o-sergio-nao-olhou-para-isto-com-bons-olhos","status":"publish","type":"post","link":"https:\/\/www.europesays.com\/pt\/174562\/","title":{"rendered":"S\u00e9rgio Rossi &#8211; E a filha Yara est\u00e3o de costas voltadas: &#8220;O S\u00e9rgio n\u00e3o olhou para isto com bons olhos.\u201d"},"content":{"rendered":"<p>A rela\u00e7\u00e3o entre <strong>S\u00e9rgio Rossi<\/strong> e a filha<strong> Yara<\/strong> <a href=\"https:\/\/www.novagente.pt\/bruna-sergio-rossi-teve-guarda-da-filha-durante-quatro-anos-agora-sabe-se-porque\" rel=\"nofollow noopener\" target=\"_blank\">tem estado no centro das aten\u00e7\u00f5es <\/a>e, segundo os comentadores do Manh\u00e3 CM, atravessa um per\u00edodo complicado. <strong>Leo Caeiro<\/strong> acredita que a entrada de<strong> Bruna<\/strong> no Big Brother ter\u00e1 sido um ponto de viragem. \u201c<strong>Desde que a Bruna entrou com o Big Brother, que a rela\u00e7\u00e3o tanto do S\u00e9rgio com a filha n\u00e3o teve os melhores dias<\/strong>\u201d, explicou, sublinhando os atritos recentes.<\/p>\n<p>Contudo, <strong>Beatriz Prates<\/strong> contestou a ideia de que os problemas come\u00e7aram apenas recentemente. \u201cMuito antes\u201d, afirmou, ao sugerir que a rutura familiar vem de tempos anteriores. Leo Caeiro, por sua vez, insistiu na sua vers\u00e3o: <strong>\u201cN\u00e3o, n\u00e3o tem muito antes, at\u00e9 porque eu privei e privo na casa do S\u00e9rgio Rossi. Desculpem, eu privei com o S\u00e9rgio e com a Iara. N\u00e3o privei s\u00f3 com o S\u00e9rgio.\u201d<\/strong><\/p>\n<p>Sobre a aus\u00eancia de S\u00e9rgio no anivers\u00e1rio de 22 anos da filha, Leo relembrou que o cantor esteve impedido por motivos profissionais. <strong>\u201cAquilo que a TV Guia diz \u00e9 que a Yara fez 22 anos, o S\u00e9rgio n\u00e3o esteve presente e que n\u00e3o compareceu por motivos profissionais. Mas a Yara convidou as tr\u00eas ex do S\u00e9rgio. Portanto, a ex-mulher que tem um processo ainda de viol\u00eancia dom\u00e9stica contra o S\u00e9rgio, a outra ex-mulher que o deixou, e a m\u00e3e da Iara, que fartou-se de falar mal dele no Big Brother. Obviamente que o S\u00e9rgio n\u00e3o olhou para isto com bons olhos.\u201d<\/strong><\/p>\n<p>Beatriz Prates defendeu a jovem e explicou que a rela\u00e7\u00e3o entre pai e filha j\u00e1 n\u00e3o existe h\u00e1 meses. \u201c<strong>A Yara n\u00e3o fala com o S\u00e9rgio h\u00e1 mais de tr\u00eas meses. Eu falei com a Iara ainda h\u00e1 pouco. Em rela\u00e7\u00e3o \u00e0 festa de anos, a Iara sempre se deu bem com as ex-namoradas do S\u00e9rgio. Nunca lhe fizeram mal nenhum. Sempre a trataram super bem. Qual \u00e9 o problema de elas estarem presentes? S\u00e3o pessoas que fazem parte da vida dela. Qual \u00e9 o problema?\u201d<\/strong><\/p>\n<p>Texto: Tiago Miguel Sim\u00f5es; Fotos: Impala<\/p>\n<p class=\"intagram-text\">Siga a Nova Gente no Instagram<\/p>\n<p>                        <a href=\"https:\/\/www.instagram.com\/revistanovagente\/\" target=\"_blank\" aria-label=\"instagram\" rel=\"noopener nofollow\"><img decoding=\"async\" style=\"display: block; margin-left: auto; margin-right: auto; width: 250px; height: 83px;\" src=\"https:\/\/www.europesays.com\/pt\/wp-content\/uploads\/2025\/11\/Instagram_NG.png\" alt=\"instagram\"\/><\/a><br \/>\n                    <script async src=\"\/\/www.instagram.com\/embed.js\"><\/script><\/p>\n","protected":false},"excerpt":{"rendered":"A rela\u00e7\u00e3o entre S\u00e9rgio Rossi e a filha Yara tem estado no centro das aten\u00e7\u00f5es e, segundo os&hellip;\n","protected":false},"author":2,"featured_media":174563,"comment_status":"","ping_status":"","sticky":false,"template":"","format":"standard","meta":{"footnotes":""},"categories":[145],"tags":[211,210,114,115,1127,32,33,4761,16533],"class_list":{"0":"post-174562","1":"post","2":"type-post","3":"status-publish","4":"format-standard","5":"has-post-thumbnail","7":"category-celebridades","8":"tag-celebridades","9":"tag-celebrities","10":"tag-entertainment","11":"tag-entretenimento","12":"tag-filha","13":"tag-portugal","14":"tag-pt","15":"tag-sergio-rossi","16":"tag-yara-rossi"},"share_on_mastodon":{"url":"https:\/\/pubeurope.com\/@pt\/115657420698034769","error":""},"_links":{"self":[{"href":"https:\/\/www.europesays.com\/pt\/wp-json\/wp\/v2\/posts\/174562","targetHints":{"allow":["GET"]}}],"collection":[{"href":"https:\/\/www.europesays.com\/pt\/wp-json\/wp\/v2\/posts"}],"about":[{"href":"https:\/\/www.europesays.com\/pt\/wp-json\/wp\/v2\/types\/post"}],"author":[{"embeddable":true,"href":"https:\/\/www.europesays.com\/pt\/wp-json\/wp\/v2\/users\/2"}],"replies":[{"embeddable":true,"href":"https:\/\/www.europesays.com\/pt\/wp-json\/wp\/v2\/comments?post=174562"}],"version-history":[{"count":0,"href":"https:\/\/www.europesays.com\/pt\/wp-json\/wp\/v2\/posts\/174562\/revisions"}],"wp:featuredmedia":[{"embeddable":true,"href":"https:\/\/www.europesays.com\/pt\/wp-json\/wp\/v2\/media\/174563"}],"wp:attachment":[{"href":"https:\/\/www.europesays.com\/pt\/wp-json\/wp\/v2\/media?parent=174562"}],"wp:term":[{"taxonomy":"category","embeddable":true,"href":"https:\/\/www.europesays.com\/pt\/wp-json\/wp\/v2\/categories?post=174562"},{"taxonomy":"post_tag","embeddable":true,"href":"https:\/\/www.europesays.com\/pt\/wp-json\/wp\/v2\/tags?post=174562"}],"curies":[{"name":"wp","href":"https:\/\/api.w.org\/{rel}","templated":true}]}}