{"id":174585,"date":"2025-12-03T20:33:00","date_gmt":"2025-12-03T20:33:00","guid":{"rendered":"https:\/\/www.europesays.com\/pt\/174585\/"},"modified":"2025-12-03T20:33:00","modified_gmt":"2025-12-03T20:33:00","slug":"acusado-por-dar-150-facadas-a-mulher-que-conheceu-no-tinder-em-alvalade-jornal-de-noticias","status":"publish","type":"post","link":"https:\/\/www.europesays.com\/pt\/174585\/","title":{"rendered":"Acusado por dar 150 facadas a mulher que conheceu no Tinder em Alvalade &#8211; Jornal de Not\u00edcias"},"content":{"rendered":"<ol>\n<li><a href=\"https:\/\/news.google.com\/rss\/articles\/CBMiswFBVV95cUxOT0RSQ1FONnU4bk5pV25ucU9pUlVSdVNQUy1VWjN2T3l0NWxZeG9TYlVQUG4xT1k1RWhfVUVpVGpONTFOdGFVVnZ3NG4zT0pxSXkzZzg1RXRON1hQTUlxdVQ1amZmX0lBTGZMWVhZU0VqTmdXNWpJbEp1TEQxdFVDcFlpRWx0UEhTbHdicW5HOUNvaHFnX1ZrZUFDX05GTkUwbDhtXzJUUVRhOWU4NVVaY1g4UdIBpAFBVV95cUxNR3pCd1pZSXVlTnhTN0lqczhRMDUwUVFkZ1BTTnZxa0RUMEptbWdxa1lldTZDTHFGR0hjTWtWcGxNM3Exa1lUUHNrV2czclY0MnVQZzk2Y3l3VUlYTXlZdHExcXhYYXBMeGduSG1jU2IydEc1cTdtVThCWk52RXhNQzRYNVlqbFZlYjV4cUhhUldDWFdhcHFUQnJ3SkhZczZyR0VBTg?oc=5\" target=\"_blank\" rel=\"nofollow noopener\">Acusado por dar 150 facadas a mulher que conheceu no Tinder em Alvalade<\/a>&nbsp;&nbsp;Jornal de Not\u00edcias<\/li>\n<li><a href=\"https:\/\/news.google.com\/rss\/articles\/CBMioAFBVV95cUxPQ1FjSnJEZldtWThTR1E2UV8xdmttalc3bFVlalNCOFBmR180MksyaWhzbDlJYnZUUmdnbXhyc2RDNkRTYnRrdFBGZkc0Y3hsYXBTd2pVdjA1SWxPRDBKazRWNEIwcUhKdk1vWWppR0VxVkFZN0FLNjlGNXBpNW5hVjh5UmF6WWlaOE5uVVJjVVdFeFZHLVpwWjhjLWFMak95?oc=5\" target=\"_blank\" rel=\"nofollow noopener\">Homem que esfaqueou mulher em maio em Lisboa acusado de 18 crimes<\/a>&nbsp;&nbsp;Observador<\/li>\n<li><a href=\"https:\/\/news.google.com\/rss\/articles\/CBMixAFBVV95cUxNVHZxZTRnNU5GOXhkWFVIV1JkcWI1WTd0T01jMGoyUzFOYnpCdDl3WDFtcDh5R1ZSM25ocjF2VXlxM0xCM2NsZkIxYl82eVIzZVdJNmc3TU9qWjRsaTBvNm5ZSUtKcEtWSWRteW13Ukt6ak5DVVAyYzUzZmdRUkFlaEtueG4wRTVWTFVHYjN1anJPUUdRdEg2Y2tWc2FHSWRjSW54UjRTdmIzZVlZM0dHRTlIb1dqWkNYeF8ycUhHSjVjQ1Vf?oc=5\" target=\"_blank\" rel=\"nofollow noopener\">150 facadas por rejei\u00e7\u00e3o amorosa valem acusa\u00e7\u00e3o por 18 crimes<\/a>&nbsp;&nbsp;cmjornal.pt<\/li>\n<li><a href=\"https:\/\/news.google.com\/rss\/articles\/CBMi5wFBVV95cUxPcnNVQTVEcEV5am12ay1IWFJEeHRjdDUtU3ZEd0tsYVJVVGd1clg1MDk0dkRxaVBMbUp1alJITEY2enB5T3BSbTFNdExSYU5DYVIxOTA4TEdMOGlUb3RZcGZ5MktaNnRIYkFEUUpBMzlOV1RueEMwRGJIU1R0cHE4UzVqdmFOOEU5X3l0QnNoTk5aQkF2SUk5aWwwd0FRWHBJM19ubXpXUE5OMHFvSW11TThEOHVVWGhHbERuOVY2MV94dXRIeDZOUUc3NWhTM01EUFJQUEgwZjdSb0JrV05SREJQSHZIQjQ?oc=5\" target=\"_blank\" rel=\"nofollow noopener\">Homem que esfaqueou 150 vezes mulher que conheceu no Tinder acusado de tentativa de homic\u00eddio<\/a>&nbsp;&nbsp;CNN Portugal<\/li>\n<li><a href=\"https:\/\/news.google.com\/rss\/articles\/CBMixAFBVV95cUxNRXQxVm1YTGNIYW5ja1d2aVhWS2pYZFZqWlRNYjk3TGNNTUF4WjI1dC1yM1FYSUNQS09NRTBnZ2dhVXdscDQzRXVma2NSRjVaRVcxa1ZWNUFwZ0R2QVVoTGxxNmpqcnZLQWg5b0tsN1UwSVBuRUhxaUgyZElLWko2VS16aWE0elhVdmZWRzY3TlFRdDJJNmRVWHVBeXJ0TFVlOEI3X0tpaTI1NUFjcXhtWTE0LS1BbWFzYk1QUFdpYzhrMFNl?oc=5\" target=\"_blank\" rel=\"nofollow noopener\">Homem que esfaqueou mulher mais de 100 vezes acusado de 18 crimes<\/a>&nbsp;&nbsp;TV RECORD EUROPA<\/li>\n<\/ol>\n","protected":false},"excerpt":{"rendered":"Acusado por dar 150 facadas a mulher que conheceu no Tinder em Alvalade&nbsp;&nbsp;Jornal de Not\u00edcias Homem que esfaqueou&hellip;\n","protected":false},"author":2,"featured_media":174586,"comment_status":"","ping_status":"","sticky":false,"template":"","format":"standard","meta":{"footnotes":"","_share_on_mastodon":"0"},"categories":[10],"tags":[11347,27,28,15,16,14,603,25,26,21,22,16567,12,13,19,20,32,23,24,33,10926,17,18,29,30,31],"class_list":["post-174585","post","type-post","status-publish","format-standard","has-post-thumbnail","category-portugal","tag-acusacao","tag-breaking-news","tag-breakingnews","tag-featured-news","tag-featurednews","tag-headlines","tag-justica","tag-latest-news","tag-latestnews","tag-main-news","tag-mainnews","tag-ministerio-publico","tag-news","tag-noticias","tag-noticias-principais","tag-noticiasprincipais","tag-portugal","tag-principais-noticias","tag-principaisnoticias","tag-pt","tag-tinder","tag-top-stories","tag-topstories","tag-ultimas","tag-ultimas-noticias","tag-ultimasnoticias"],"share_on_mastodon":{"url":"https:\/\/pubeurope.com\/@pt\/115657546302702917","error":""},"_links":{"self":[{"href":"https:\/\/www.europesays.com\/pt\/wp-json\/wp\/v2\/posts\/174585","targetHints":{"allow":["GET"]}}],"collection":[{"href":"https:\/\/www.europesays.com\/pt\/wp-json\/wp\/v2\/posts"}],"about":[{"href":"https:\/\/www.europesays.com\/pt\/wp-json\/wp\/v2\/types\/post"}],"author":[{"embeddable":true,"href":"https:\/\/www.europesays.com\/pt\/wp-json\/wp\/v2\/users\/2"}],"replies":[{"embeddable":true,"href":"https:\/\/www.europesays.com\/pt\/wp-json\/wp\/v2\/comments?post=174585"}],"version-history":[{"count":0,"href":"https:\/\/www.europesays.com\/pt\/wp-json\/wp\/v2\/posts\/174585\/revisions"}],"wp:featuredmedia":[{"embeddable":true,"href":"https:\/\/www.europesays.com\/pt\/wp-json\/wp\/v2\/media\/174586"}],"wp:attachment":[{"href":"https:\/\/www.europesays.com\/pt\/wp-json\/wp\/v2\/media?parent=174585"}],"wp:term":[{"taxonomy":"category","embeddable":true,"href":"https:\/\/www.europesays.com\/pt\/wp-json\/wp\/v2\/categories?post=174585"},{"taxonomy":"post_tag","embeddable":true,"href":"https:\/\/www.europesays.com\/pt\/wp-json\/wp\/v2\/tags?post=174585"}],"curies":[{"name":"wp","href":"https:\/\/api.w.org\/{rel}","templated":true}]}}