{"id":174613,"date":"2025-12-03T21:07:10","date_gmt":"2025-12-03T21:07:10","guid":{"rendered":"https:\/\/www.europesays.com\/pt\/174613\/"},"modified":"2025-12-03T21:07:10","modified_gmt":"2025-12-03T21:07:10","slug":"fim-a-vista-liliana-e-fabio-ja-nem-trocam-palavras-secret-story","status":"publish","type":"post","link":"https:\/\/www.europesays.com\/pt\/174613\/","title":{"rendered":"Fim \u00e0 vista? Liliana e F\u00e1bio j\u00e1 nem trocam palavras\u2026 &#8211; Secret Story"},"content":{"rendered":"<p style=\"margin-bottom:4px\">A Liliana vai ao encontro do F\u00e1bio no jardim e n\u00e3o trocam palavra. A concorrente acaba por virar costas, questionando como \u00e9 que \u00e9 poss\u00edvel o F\u00e1bio n\u00e3o querer falar. O concorrente tamb\u00e9m se mostra cabisbaixo e confessa \u00e0 Voz que decidiu isolar-se por se sentir mal. Momentos depois a Bruna e a In\u00eas recordam as palavras do F\u00e1bio ao dizer que ama a Liliana e a concorrente ter permanecido calada. A Bruna p\u00f5e em causa os sentimentos do casal, contudo a Ana defende o F\u00e1bio, recordando que se houve pedido de namoro \u00e9 porque havia amor.<\/p>\n<p><strong>Esta semana, quatro concorrentes est\u00e3o nomeados e em risco de expuls\u00e3o. Pode votar na APP oficial do TVI reality ou atrav\u00e9s das linhas telef\u00f3nicas.<\/strong><\/p>\n<p>VOTE PARA SALVAR:<\/p>\n<p>BRUNA \u00a0\u2013 \u00a0761 20 20 03<br \/>LILIANA \u00a0\u2013 \u00a0761 20 20 14<br \/>MARISA \u00a0\u2013 \u00a0761 20 20 16<br \/>PEDRO \u00a0\u2013 \u00a0761 20 20 18<\/p>\n<p><a href=\"https:\/\/tvi.iol.pt\/secretstory\/aominuto\" rel=\"nofollow noopener\" target=\"_blank\">Acompanhe aqui tudo o que se passa no Secret Story 9<\/a><\/p>\n","protected":false},"excerpt":{"rendered":"A Liliana vai ao encontro do F\u00e1bio no jardim e n\u00e3o trocam palavra. A concorrente acaba por virar&hellip;\n","protected":false},"author":2,"featured_media":174614,"comment_status":"","ping_status":"","sticky":false,"template":"","format":"standard","meta":{"footnotes":""},"categories":[142],"tags":[114,115,19082,19033,19016,19034,32,33,151,19032],"class_list":{"0":"post-174613","1":"post","2":"type-post","3":"status-publish","4":"format-standard","5":"has-post-thumbnail","7":"category-tv","8":"tag-entertainment","9":"tag-entretenimento","10":"tag-fabio","11":"tag-galas-em-video","12":"tag-liliana","13":"tag-melhores-momentos-casa-dos-segredos","14":"tag-portugal","15":"tag-pt","16":"tag-tv","17":"tag-videos-secret-story-tvi"},"share_on_mastodon":{"url":"https:\/\/pubeurope.com\/@pt\/115657680054950219","error":""},"_links":{"self":[{"href":"https:\/\/www.europesays.com\/pt\/wp-json\/wp\/v2\/posts\/174613","targetHints":{"allow":["GET"]}}],"collection":[{"href":"https:\/\/www.europesays.com\/pt\/wp-json\/wp\/v2\/posts"}],"about":[{"href":"https:\/\/www.europesays.com\/pt\/wp-json\/wp\/v2\/types\/post"}],"author":[{"embeddable":true,"href":"https:\/\/www.europesays.com\/pt\/wp-json\/wp\/v2\/users\/2"}],"replies":[{"embeddable":true,"href":"https:\/\/www.europesays.com\/pt\/wp-json\/wp\/v2\/comments?post=174613"}],"version-history":[{"count":0,"href":"https:\/\/www.europesays.com\/pt\/wp-json\/wp\/v2\/posts\/174613\/revisions"}],"wp:featuredmedia":[{"embeddable":true,"href":"https:\/\/www.europesays.com\/pt\/wp-json\/wp\/v2\/media\/174614"}],"wp:attachment":[{"href":"https:\/\/www.europesays.com\/pt\/wp-json\/wp\/v2\/media?parent=174613"}],"wp:term":[{"taxonomy":"category","embeddable":true,"href":"https:\/\/www.europesays.com\/pt\/wp-json\/wp\/v2\/categories?post=174613"},{"taxonomy":"post_tag","embeddable":true,"href":"https:\/\/www.europesays.com\/pt\/wp-json\/wp\/v2\/tags?post=174613"}],"curies":[{"name":"wp","href":"https:\/\/api.w.org\/{rel}","templated":true}]}}