{"id":174625,"date":"2025-12-03T21:21:09","date_gmt":"2025-12-03T21:21:09","guid":{"rendered":"https:\/\/www.europesays.com\/pt\/174625\/"},"modified":"2025-12-03T21:21:09","modified_gmt":"2025-12-03T21:21:09","slug":"pedro-jorge-acusa-liliana-de-relacoes-por-conveniencia-e-fabio-acaba-por-concordar","status":"publish","type":"post","link":"https:\/\/www.europesays.com\/pt\/174625\/","title":{"rendered":"Pedro Jorge acusa Liliana de \u201crela\u00e7\u00f5es por conveni\u00eancia\u201d e F\u00e1bio acaba por concordar"},"content":{"rendered":"<p>Tempestade no <a href=\"https:\/\/tvi.iol.pt\/secretstory\" rel=\"nofollow noopener\" target=\"_blank\">Secret Story 9<\/a>: Pedro Jorge acusa Liliana de \u201crela\u00e7\u00f5es por conveni\u00eancia\u201d e F\u00e1bio acaba por concordar, hoje.<\/p>\n<p>Nova din\u00e2mica exp\u00f5e tens\u00f5es na casa<\/p>\n<p>A tarde desta quarta-feira, 3 de dezembro, trouxe uma das din\u00e2micas mais pol\u00e9micas desta edi\u00e7\u00e3o do Secret Story 9. A Voz desafiou cada concorrente a escolher uma fotografia de um colega e a associar-lhe uma frase que resumisse o seu jogo. O que parecia uma simples atividade depressa se transformou num confronto direto, com Liliana no centro da pol\u00e9mica.<\/p>\n<p>Pedro Jorge dispara: \u201cJunta-se conforme o vento\u201d<\/p>\n<p>Pedro Jorge foi o primeiro a participar e n\u00e3o hesitou em apontar o dedo a Liliana. A frase escolhida foi contundente:<br \/><strong>\u201cAlgu\u00e9m que se juntou a um grupo por conveni\u00eancia e n\u00e3o por afinidade; rela\u00e7\u00f5es estrat\u00e9gicas, n\u00e3o emocionais.\u201d<\/strong><\/p>\n<p>O concorrente justificou a sua decis\u00e3o sem rodeios:<br \/><strong>\u201cAcho que isto se enquadra bastante bem com a Liliana. \u00c9 uma concorrente que foi tomando a sua posi\u00e7\u00e3o conforme o vento, ou seja, conforme lhe dava mais jeito. Em momento algum foi uma rela\u00e7\u00e3o emocional, mas sim estrat\u00e9gica, porque ela joga muito l\u00e1 para fora.\u201d<\/strong><\/p>\n<p>F\u00e1bio surpreende e valida parte da cr\u00edtica<\/p>\n<p>Chamado a comentar, F\u00e1bio n\u00e3o defendeu automaticamente a namorada. Pelo contr\u00e1rio, reconheceu que parte da an\u00e1lise de Pedro Jorge fazia sentido:<br \/><strong>\u201cPosso concordar de certa forma, porque as pessoas com quem ela tinha uma verdadeira rela\u00e7\u00e3o emocional foram saindo, a Vera, a L\u00eddia, a Mariana. A \u00faltima que resta acabo por ser eu.\u201d<\/strong><\/p>\n<p>O concorrente admitiu ainda:<br \/><strong>\u201cEla teve de se juntar a pessoas por conveni\u00eancia. Um exemplo disso \u00e9 a Marisa Susana. Acho que foi mais por conveni\u00eancia do que por afinidade.\u201d<\/strong><\/p>\n<p>Leandro ataca sem piedade<\/p>\n<p>Leandro, um dos rivais diretos de Liliana, aproveitou a din\u00e2mica para refor\u00e7ar a sua posi\u00e7\u00e3o cr\u00edtica:<br \/><strong>\u201cN\u00e3o \u00e9 s\u00f3 isso. Ela andou a saltar sempre nos grupos por conveni\u00eancia, andava sempre onde era mais conveniente. Ela foi sempre oscilando conforme o vento. Por isso mesmo, ela \u00e9 uma jogadora inst\u00e1vel, que foi sempre andando a saltitar.\u201d<\/strong><\/p>\n<p>Liliana responde: \u201c\u00c9 estrat\u00e9gia, n\u00e3o conveni\u00eancia\u201d<\/p>\n<p>Perante as acusa\u00e7\u00f5es, Liliana manteve a postura firme e assumiu que o \u00fanico la\u00e7o emocional criado dentro da casa \u00e9 com F\u00e1bio:<br \/><strong>\u201cO \u00fanico la\u00e7o emocional que eu criei realmente foi mesmo com o F\u00e1bio. N\u00e3o me permiti criar esse la\u00e7o com mais ningu\u00e9m.\u201d<\/strong><\/p>\n<p>No entanto, rejeitou o r\u00f3tulo de oportunista:<br \/><strong>\u201c\u00c0s vezes pode ter sido por estrat\u00e9gia? Sim, pode ter sido. Mas estamos num jogo e eu sempre disse que n\u00e3o vinha para aqui criar la\u00e7os emocionais. O \u00fanico que criei foi com o F\u00e1bio e estou muito bem com isso.\u201d<\/strong><\/p>\n<p><a href=\"https:\/\/news.google.com\/publications\/CAAqBwgKMKfIoAswtNK4Aw\" target=\"_blank\" rel=\"noopener noreferrer nofollow\"><img loading=\"lazy\" data-lazyloaded=\"1\" width=\"481\" height=\"161\" decoding=\"async\" src=\"\/wp-content\/uploads\/2024\/02\/GN_siganos.png\" alt=\"Siga-nos no Google News\" style=\"margin-top:20px;\"\/><\/a><\/p>\n","protected":false},"excerpt":{"rendered":"Tempestade no Secret Story 9: Pedro Jorge acusa Liliana de \u201crela\u00e7\u00f5es por conveni\u00eancia\u201d e F\u00e1bio acaba por concordar,&hellip;\n","protected":false},"author":2,"featured_media":168218,"comment_status":"","ping_status":"","sticky":false,"template":"","format":"standard","meta":{"footnotes":""},"categories":[142],"tags":[2632,114,115,24883,32,33,151],"class_list":{"0":"post-174625","1":"post","2":"type-post","3":"status-publish","4":"format-standard","5":"has-post-thumbnail","7":"category-tv","8":"tag-casa-dos-segredos","9":"tag-entertainment","10":"tag-entretenimento","11":"tag-liliana-oliveira","12":"tag-portugal","13":"tag-pt","14":"tag-tv"},"share_on_mastodon":{"url":"https:\/\/pubeurope.com\/@pt\/115657735536373747","error":""},"_links":{"self":[{"href":"https:\/\/www.europesays.com\/pt\/wp-json\/wp\/v2\/posts\/174625","targetHints":{"allow":["GET"]}}],"collection":[{"href":"https:\/\/www.europesays.com\/pt\/wp-json\/wp\/v2\/posts"}],"about":[{"href":"https:\/\/www.europesays.com\/pt\/wp-json\/wp\/v2\/types\/post"}],"author":[{"embeddable":true,"href":"https:\/\/www.europesays.com\/pt\/wp-json\/wp\/v2\/users\/2"}],"replies":[{"embeddable":true,"href":"https:\/\/www.europesays.com\/pt\/wp-json\/wp\/v2\/comments?post=174625"}],"version-history":[{"count":0,"href":"https:\/\/www.europesays.com\/pt\/wp-json\/wp\/v2\/posts\/174625\/revisions"}],"wp:featuredmedia":[{"embeddable":true,"href":"https:\/\/www.europesays.com\/pt\/wp-json\/wp\/v2\/media\/168218"}],"wp:attachment":[{"href":"https:\/\/www.europesays.com\/pt\/wp-json\/wp\/v2\/media?parent=174625"}],"wp:term":[{"taxonomy":"category","embeddable":true,"href":"https:\/\/www.europesays.com\/pt\/wp-json\/wp\/v2\/categories?post=174625"},{"taxonomy":"post_tag","embeddable":true,"href":"https:\/\/www.europesays.com\/pt\/wp-json\/wp\/v2\/tags?post=174625"}],"curies":[{"name":"wp","href":"https:\/\/api.w.org\/{rel}","templated":true}]}}