{"id":174660,"date":"2025-12-03T22:01:41","date_gmt":"2025-12-03T22:01:41","guid":{"rendered":"https:\/\/www.europesays.com\/pt\/174660\/"},"modified":"2025-12-03T22:01:41","modified_gmt":"2025-12-03T22:01:41","slug":"alianca-mantem-pressao-sobre-russia-e-defende-paz-na-ucrania","status":"publish","type":"post","link":"https:\/\/www.europesays.com\/pt\/174660\/","title":{"rendered":"Alian\u00e7a mant\u00e9m press\u00e3o sobre R\u00fassia e defende paz na Ucr\u00e2nia"},"content":{"rendered":"<p>O secret\u00e1rio-geral da NATO desvalorizou esta quarta-feira, 3 de dezembro, a amea\u00e7a feita pelo presidente russo de que estava pronto para uma guerra com os pa\u00edses europeus, insistindo na necessidade de continuar a pressionar Moscovo enquanto prosseguem as negocia\u00e7\u00f5es de paz.<\/p>\n<p><strong>\u201cN\u00e3o vou reagir a tudo o que o presidente russo [Vladimir Putin] diz\u201d, respondeu Mark Rutte, \u00e0 entrada para uma reuni\u00e3o ministerial no quartel-general da Organiza\u00e7\u00e3o do Tratado do Atl\u00e2ntico Norte (NATO), em Bruxelas (B\u00e9lgica).<\/strong><\/p>\n<p>O secret\u00e1rio-geral da NATO recordou que no passado o presidente da Federa\u00e7\u00e3o Russa fez coment\u00e1rios semelhantes e pediu que as aten\u00e7\u00f5es se concentrassem em deixar a Ucr\u00e2nia na \u201cposi\u00e7\u00e3o mais forte poss\u00edvel\u201d enquanto est\u00e3o a prosseguir as negocia\u00e7\u00f5es para alcan\u00e7ar um cessar-fogo.<\/p>\n<p><strong>Mark Rutte considerou que \u201cs\u00f3 os Estados Unidos da Am\u00e9rica\u201d poderiam ter negociado a paz entre a Ucr\u00e2nia e a R\u00fassia e voltou a saudar os esfor\u00e7os do presidente, Donald Trump.<\/strong><\/p>\n<p>\u201cA \u00faltima noite foi importante, mas haver\u00e1 mais momento importantes\u201d, comentou, recusando comentar todas as reuni\u00f5es entre autoridades de Washington com o Kremlin e com o Governo ucraniano.<\/p>\n<p>No entanto, \u201cse n\u00e3o houver resultados\u201d destas negocia\u00e7\u00f5es, o secret\u00e1rio-geral da NATO disse que \u00e9 preciso \u201ccontinuar a colocar press\u00e3o\u201d na R\u00fassia para que o conflito acabe, de uma maneira ou de outra.<\/p>\n<p>Na ter\u00e7a-feira, Vladimir Putin advertiu que a R\u00fassia est\u00e1 preparada para travar uma guerra com a Europa se for essa a pretens\u00e3o dos europeus, embora n\u00e3o a deseje.<\/p>\n<p><strong>\u201cN\u00e3o temos a inten\u00e7\u00e3o de fazer guerra \u00e0 Europa, mas se a Europa o desejar e come\u00e7ar, estamos prontos imediatamente\u201d, afirmou Putin aos jornalistas,<\/strong> citado pela ag\u00eancia de not\u00edcias France-Presse (AFP).<\/p>\n<p>Putin, que fez o aviso pouco antes de receber o emiss\u00e1rio norte-americano Steve Witkoff, acusou os europeus de quererem impedir os esfor\u00e7os dos Estados Unidos que visam p\u00f4r fim \u00e0 guerra na Ucr\u00e2nia.<\/p>\n<p>\u201cEles n\u00e3o t\u00eam um programa de paz, est\u00e3o do lado da guerra\u201d, disse o l\u00edder russo.<\/p>\n","protected":false},"excerpt":{"rendered":"O secret\u00e1rio-geral da NATO desvalorizou esta quarta-feira, 3 de dezembro, a amea\u00e7a feita pelo presidente russo de que&hellip;\n","protected":false},"author":2,"featured_media":174661,"comment_status":"","ping_status":"","sticky":false,"template":"","format":"standard","meta":{"footnotes":""},"categories":[8],"tags":[27,28,15,16,889,14,25,26,21,22,3400,12,13,19,20,32,23,24,33,17,18,29,30,31],"class_list":{"0":"post-174660","1":"post","2":"type-post","3":"status-publish","4":"format-standard","5":"has-post-thumbnail","7":"category-principais-noticias","8":"tag-breaking-news","9":"tag-breakingnews","10":"tag-featured-news","11":"tag-featurednews","12":"tag-guerra-na-ucrania","13":"tag-headlines","14":"tag-latest-news","15":"tag-latestnews","16":"tag-main-news","17":"tag-mainnews","18":"tag-nato","19":"tag-news","20":"tag-noticias","21":"tag-noticias-principais","22":"tag-noticiasprincipais","23":"tag-portugal","24":"tag-principais-noticias","25":"tag-principaisnoticias","26":"tag-pt","27":"tag-top-stories","28":"tag-topstories","29":"tag-ultimas","30":"tag-ultimas-noticias","31":"tag-ultimasnoticias"},"share_on_mastodon":{"url":"https:\/\/pubeurope.com\/@pt\/115657892571639549","error":""},"_links":{"self":[{"href":"https:\/\/www.europesays.com\/pt\/wp-json\/wp\/v2\/posts\/174660","targetHints":{"allow":["GET"]}}],"collection":[{"href":"https:\/\/www.europesays.com\/pt\/wp-json\/wp\/v2\/posts"}],"about":[{"href":"https:\/\/www.europesays.com\/pt\/wp-json\/wp\/v2\/types\/post"}],"author":[{"embeddable":true,"href":"https:\/\/www.europesays.com\/pt\/wp-json\/wp\/v2\/users\/2"}],"replies":[{"embeddable":true,"href":"https:\/\/www.europesays.com\/pt\/wp-json\/wp\/v2\/comments?post=174660"}],"version-history":[{"count":0,"href":"https:\/\/www.europesays.com\/pt\/wp-json\/wp\/v2\/posts\/174660\/revisions"}],"wp:featuredmedia":[{"embeddable":true,"href":"https:\/\/www.europesays.com\/pt\/wp-json\/wp\/v2\/media\/174661"}],"wp:attachment":[{"href":"https:\/\/www.europesays.com\/pt\/wp-json\/wp\/v2\/media?parent=174660"}],"wp:term":[{"taxonomy":"category","embeddable":true,"href":"https:\/\/www.europesays.com\/pt\/wp-json\/wp\/v2\/categories?post=174660"},{"taxonomy":"post_tag","embeddable":true,"href":"https:\/\/www.europesays.com\/pt\/wp-json\/wp\/v2\/tags?post=174660"}],"curies":[{"name":"wp","href":"https:\/\/api.w.org\/{rel}","templated":true}]}}