{"id":174662,"date":"2025-12-03T22:02:08","date_gmt":"2025-12-03T22:02:08","guid":{"rendered":"https:\/\/www.europesays.com\/pt\/174662\/"},"modified":"2025-12-03T22:02:08","modified_gmt":"2025-12-03T22:02:08","slug":"tim-robinson-paranoico-carente-e-engracado-demais-03-12-2025-mauricio-stycer","status":"publish","type":"post","link":"https:\/\/www.europesays.com\/pt\/174662\/","title":{"rendered":"Tim Robinson, paranoico, carente e engra\u00e7ado demais &#8211; 03\/12\/2025 &#8211; Maur\u00edcio Stycer"},"content":{"rendered":"<p>No texto em que comentou o epis\u00f3dio final de &#8220;<a href=\"https:\/\/www1.folha.uol.com.br\/ilustrada\/2025\/10\/seis-filmes-que-tiraram-atores-de-sua-zona-de-conforto-para-assistir-no-streaming.shtml\" rel=\"nofollow noopener\" target=\"\">A Cadeira<\/a>&#8220;, exibido no \u00faltimo domingo (30), o di\u00e1rio ingl\u00eas <a href=\"https:\/\/www.independent.co.uk\/arts-entertainment\/tv\/features\/tim-robinson-the-chair-company-season-2-b2875434.html\" rel=\"nofollow noopener\" target=\"_blank\">The Independent<\/a> expressou sua empolga\u00e7\u00e3o lan\u00e7ando uma pergunta no t\u00edtulo: &#8220;Tim Robinson \u00e9 o homem mais engra\u00e7ado do mundo?&#8221;. E respondeu: &#8220;Poucas pessoas t\u00eam argumentos t\u00e3o convincentes para reivindicar o t\u00edtulo quanto Tim Robinson&#8221;.<\/p>\n<p>Dez dias antes da exibi\u00e7\u00e3o do delirante epis\u00f3dio final, a HBO j\u00e1 havia anunciado que far\u00e1 uma segunda temporada. Segundo a empresa, &#8220;A Cadeira&#8221; foi a s\u00e9rie de com\u00e9dia estreante com maior n\u00famero de espectadores nos Estados Unidos na hist\u00f3ria da plataforma.<\/p>\n<p>&#8220;The Chair Company&#8221;, t\u00edtulo original da s\u00e9rie, n\u00e3o \u00e9 o primeiro trabalho engra\u00e7ad\u00edssimo de Robinson em parceria com Zach Kanin. A dupla \u00e9 respons\u00e1vel pela s\u00e9rie &#8220;I Think You Should Leave&#8221;, exibida em tr\u00eas temporadas pela <a href=\"https:\/\/www1.folha.uol.com.br\/folha-topicos\/netflix\/\" rel=\"nofollow noopener\" target=\"_blank\">Netflix<\/a>, entre 2019 e 2023. E no ano passado o comediante protagonizou, ao lado de Paul Rudd, &#8220;<a href=\"https:\/\/www1.folha.uol.com.br\/ilustrada\/2025\/05\/ainda-estou-aqui-entra-em-lista-de-melhores-filmes-do-ano-do-the-new-york-times.shtml%20\" rel=\"nofollow noopener\" target=\"\">Amizade T\u00f3xica<\/a>&#8220;, dirigido por Andrew DeYoung, um filme t\u00e3o divertido quanto inc\u00f4modo, <a href=\"https:\/\/www.primevideo.com\/-\/pt\/detail\/Amizade-t%C3%B3xica\/0IEK7N4ZHB97ML4QYNZ52ID1LN\" rel=\"nofollow noopener\" target=\"_blank\">dispon\u00edvel no Prime<\/a>.<\/p>\n<p>&#13;<br \/>\nNa superf\u00edcie, &#8220;A Cadeira&#8221; \u00e9 uma com\u00e9dia de escrit\u00f3rio. Robinson interpreta Ron Trosper, um gerente rec\u00e9m-promovido com a miss\u00e3o de tocar o desenvolvimento de um novo shopping. Em torno dele, multiplicam-se os tipos mais bizarros e engra\u00e7ados poss\u00edveis.<\/p>\n<p>Mas, por causa de um incidente envolvendo uma cadeira, Trosper logo perde o foco e se envolve obsessivamente em uma investiga\u00e7\u00e3o surreal, que se desdobra em diferentes conspira\u00e7\u00f5es e mal-entendidos. Robinson cria um tipo paranoico, perturbado e carente, mas sem perder o prumo ou apelar para gestos exagerados. \u00c9 um esquisit\u00e3o que desperta curiosidade, pena e risadas.<\/p>\n<p>\u00c9 at\u00e9 dif\u00edcil acompanhar a l\u00f3gica de algumas tramas, t\u00e3o delirante a hist\u00f3ria vai avan\u00e7ando, ao longo de oito epis\u00f3dios. Mas a divers\u00e3o maior vem dos di\u00e1logos sempre surpreendentes e das situa\u00e7\u00f5es constrangedoras e sem p\u00e9 nem cabe\u00e7a, que muitas vezes deixam o espectador em d\u00favida sobre quem \u00e9, exatamente, o alvo da piada \u2013algum outro personagem, algu\u00e9m que conhecemos ou n\u00f3s mesmos.<\/p>\n<p>&#13;<br \/>\nRobinson come\u00e7ou no Saturday Night Live, em 2012, mas n\u00e3o se encaixou no elenco. No ano seguinte, passou ao time de roteiristas, mas teve dificuldade para emplacar seus esquetes no mais tradicional programa de humor da TV americana.<\/p>\n<p>Muitas das ideias que ofereceu sem sucesso ao SNL reapareceram, poucos anos depois, em &#8220;I Think You Should Leave&#8221;. A s\u00e9rie que deu visibilidade ao comediante \u00e9 uma cole\u00e7\u00e3o de esquetes, vinhetas e ideias soltas, sempre no limite do absurdo. Para quem n\u00e3o conhece, vale a pena ver essa s\u00e9rie antes de assistir a &#8220;The Chair Company&#8221;. \u00c9 uma esp\u00e9cie de introdu\u00e7\u00e3o ao humor do comediante.<\/p>\n<p>Robinson \u00e9 quase sempre o protagonista das situa\u00e7\u00f5es. \u00c9 o tipo que se sente diminu\u00eddo entre os colegas porque n\u00e3o conhece nenhum meme. \u00c9 o sujeito que estraga qualquer reuni\u00e3o, por motivos f\u00fateis ou falta de traquejo. \u00c9 o apresentador de talk show que deixa de interagir com o entrevistado e afunda na poltrona para olhar o celular. \u00c9 o cara que n\u00e3o sabe como reagir quando um professor come o hamb\u00farguer que ele pediu na lanchonete.<\/p>\n<p>Ele tamb\u00e9m ri muito da televis\u00e3o com par\u00f3dias demolidoras de realities shows e programas de audit\u00f3rio, como &#8220;A Competi\u00e7\u00e3o dos Meninos Bombados 2021&#8221;, e um constrangedor concurso de &#8220;beb\u00ea do ano&#8221;.<\/p>\n<p>Depois de ganhar tr\u00eas <a href=\"https:\/\/www1.folha.uol.com.br\/folha-topicos\/emmy\/\" rel=\"nofollow noopener\" target=\"_blank\">Emmy<\/a> com &#8220;I Think You Should Leave&#8221;, Tim Robinson \u00e9 um nome forte para faturar os principais pr\u00eamios do ano que vem com &#8220;A Cadeira&#8221;. Ser\u00e1, se isso ocorrer, a consagra\u00e7\u00e3o de um tipo de humor corajoso e desafiador, que faz falta na TV.<\/p>\n<p>    Colunas<\/p>\n<p class=\"c-newsletter__subtitle\">Receba no seu email uma sele\u00e7\u00e3o de colunas da Folha<\/p>\n<p class=\"c-context__content\">&#13;<br \/>\n    <strong>LINK PRESENTE:<\/strong> Gostou deste texto? Assinante pode liberar sete acessos gratuitos de qualquer link por dia. Basta clicar no F azul abaixo.&#13;\n  <\/p>\n","protected":false},"excerpt":{"rendered":"No texto em que comentou o epis\u00f3dio final de &#8220;A Cadeira&#8220;, exibido no \u00faltimo domingo (30), o di\u00e1rio&hellip;\n","protected":false},"author":2,"featured_media":174663,"comment_status":"","ping_status":"","sticky":false,"template":"","format":"standard","meta":{"footnotes":""},"categories":[145],"tags":[211,210,2810,114,115,236,1626,716,32,33,941,940],"class_list":{"0":"post-174662","1":"post","2":"type-post","3":"status-publish","4":"format-standard","5":"has-post-thumbnail","7":"category-celebridades","8":"tag-celebridades","9":"tag-celebrities","10":"tag-emmy","11":"tag-entertainment","12":"tag-entretenimento","13":"tag-folha","14":"tag-hbo","15":"tag-netflix","16":"tag-portugal","17":"tag-pt","18":"tag-series","19":"tag-streaming"},"share_on_mastodon":{"url":"https:\/\/pubeurope.com\/@pt\/115657896281377663","error":""},"_links":{"self":[{"href":"https:\/\/www.europesays.com\/pt\/wp-json\/wp\/v2\/posts\/174662","targetHints":{"allow":["GET"]}}],"collection":[{"href":"https:\/\/www.europesays.com\/pt\/wp-json\/wp\/v2\/posts"}],"about":[{"href":"https:\/\/www.europesays.com\/pt\/wp-json\/wp\/v2\/types\/post"}],"author":[{"embeddable":true,"href":"https:\/\/www.europesays.com\/pt\/wp-json\/wp\/v2\/users\/2"}],"replies":[{"embeddable":true,"href":"https:\/\/www.europesays.com\/pt\/wp-json\/wp\/v2\/comments?post=174662"}],"version-history":[{"count":0,"href":"https:\/\/www.europesays.com\/pt\/wp-json\/wp\/v2\/posts\/174662\/revisions"}],"wp:featuredmedia":[{"embeddable":true,"href":"https:\/\/www.europesays.com\/pt\/wp-json\/wp\/v2\/media\/174663"}],"wp:attachment":[{"href":"https:\/\/www.europesays.com\/pt\/wp-json\/wp\/v2\/media?parent=174662"}],"wp:term":[{"taxonomy":"category","embeddable":true,"href":"https:\/\/www.europesays.com\/pt\/wp-json\/wp\/v2\/categories?post=174662"},{"taxonomy":"post_tag","embeddable":true,"href":"https:\/\/www.europesays.com\/pt\/wp-json\/wp\/v2\/tags?post=174662"}],"curies":[{"name":"wp","href":"https:\/\/api.w.org\/{rel}","templated":true}]}}