{"id":174680,"date":"2025-12-03T22:17:11","date_gmt":"2025-12-03T22:17:11","guid":{"rendered":"https:\/\/www.europesays.com\/pt\/174680\/"},"modified":"2025-12-03T22:17:11","modified_gmt":"2025-12-03T22:17:11","slug":"premio-arquitetura-no-alentejo-2025-distingue-projetos-em-barrancos-e-odemira","status":"publish","type":"post","link":"https:\/\/www.europesays.com\/pt\/174680\/","title":{"rendered":"Pr\u00e9mio Arquitetura no Alentejo 2025 distingue projetos em Barrancos e Odemira"},"content":{"rendered":"<p>A Sec\u00e7\u00e3o Regional do <a href=\"https:\/\/odigital.sapo.pt\/tag\/alentejo\/\" id=\"s-a-embed-6930890\" data-type=\"post_tag\" data-id=\"41\" rel=\"nofollow noopener\" target=\"_blank\">Alentejo <\/a>da Ordem dos Arquitectos anunciou, no dia 13 de novembro, os vencedores da 2.\u00aa edi\u00e7\u00e3o do Pr\u00e9mio Arquitetura no Alentejo 2025. A divulga\u00e7\u00e3o <a href=\"https:\/\/www.facebook.com\/JornalODigital\" target=\"_blank\" rel=\"noreferrer noopener nofollow\">ocorreu<\/a> durante o 17.\u00ba Congresso dos Arquitectos<\/p>\n<p>Categoria A \u2014 Edifica\u00e7\u00e3o Nova<\/p>\n<p>O 1.\u00ba Pr\u00e9mio foi atribu\u00eddo \u00e0 Casa Mortu\u00e1ria de Barrancos. O projeto tem autoria de Ana Isabel Santos, Jo\u00e3o Varela e Paulo Dias, com o Munic\u00edpio de Barrancos como dono de obra e a empresa JJG Constru\u00e7\u00f5es como empreiteiro geral.<\/p>\n<p>Nesta categoria foi ainda atribu\u00edda uma men\u00e7\u00e3o honrosa ao projeto Monte Alvo, da arquiteta In\u00eas Sousa Marcelino. A obra teve como dono de obra Ana Sousa Marcelino Boshoff e como empreiteiro geral a empresa NOZ Arquitectura, Lda.<\/p>\n<p>Categoria B \u2014 Reabilita\u00e7\u00e3o<\/p>\n<p>O 1.\u00ba Pr\u00e9mio na categoria de Reabilita\u00e7\u00e3o distinguiu a Olaria Municipal de Odemira, da autoria do arquiteto Daniel Pinho. O Munic\u00edpio de Odemira foi o dono de obra e a execu\u00e7\u00e3o esteve a cargo do empreiteiro Virg\u00edlio de Sousa Leal.<\/p>\n<p>O j\u00fari atribuiu ainda uma men\u00e7\u00e3o honrosa ao projeto Centro de Valoriza\u00e7\u00e3o da Viola Campani\u00e7a, tamb\u00e9m localizado em Odemira. O autor \u00e9 o arquiteto Filipe Oliveira, sendo o Munic\u00edpio de Odemira o dono de obra e Virg\u00edlio de Sousa Leal o empreiteiro geral.<\/p>\n<p>Exposi\u00e7\u00e3o dos projetos<\/p>\n<p>Os pain\u00e9is das obras concorrentes ao pr\u00e9mio encontram-se expostos na CCDR Alentejo at\u00e9 ao final do congresso. Ap\u00f3s esta fase, seguir\u00e3o em itiner\u00e2ncia pela regi\u00e3o.<\/p>\n","protected":false},"excerpt":{"rendered":"A Sec\u00e7\u00e3o Regional do Alentejo da Ordem dos Arquitectos anunciou, no dia 13 de novembro, os vencedores da&hellip;\n","protected":false},"author":2,"featured_media":174681,"comment_status":"","ping_status":"","sticky":false,"template":"","format":"standard","meta":{"footnotes":""},"categories":[144],"tags":[207,205,206,203,201,202,204,114,115,32,33],"class_list":{"0":"post-174680","1":"post","2":"type-post","3":"status-publish","4":"format-standard","5":"has-post-thumbnail","7":"category-arte-e-design","8":"tag-arte","9":"tag-arte-e-design","10":"tag-artedesign","11":"tag-arts","12":"tag-arts-and-design","13":"tag-artsanddesign","14":"tag-design","15":"tag-entertainment","16":"tag-entretenimento","17":"tag-portugal","18":"tag-pt"},"share_on_mastodon":{"url":"https:\/\/pubeurope.com\/@pt\/115657955252631561","error":""},"_links":{"self":[{"href":"https:\/\/www.europesays.com\/pt\/wp-json\/wp\/v2\/posts\/174680","targetHints":{"allow":["GET"]}}],"collection":[{"href":"https:\/\/www.europesays.com\/pt\/wp-json\/wp\/v2\/posts"}],"about":[{"href":"https:\/\/www.europesays.com\/pt\/wp-json\/wp\/v2\/types\/post"}],"author":[{"embeddable":true,"href":"https:\/\/www.europesays.com\/pt\/wp-json\/wp\/v2\/users\/2"}],"replies":[{"embeddable":true,"href":"https:\/\/www.europesays.com\/pt\/wp-json\/wp\/v2\/comments?post=174680"}],"version-history":[{"count":0,"href":"https:\/\/www.europesays.com\/pt\/wp-json\/wp\/v2\/posts\/174680\/revisions"}],"wp:featuredmedia":[{"embeddable":true,"href":"https:\/\/www.europesays.com\/pt\/wp-json\/wp\/v2\/media\/174681"}],"wp:attachment":[{"href":"https:\/\/www.europesays.com\/pt\/wp-json\/wp\/v2\/media?parent=174680"}],"wp:term":[{"taxonomy":"category","embeddable":true,"href":"https:\/\/www.europesays.com\/pt\/wp-json\/wp\/v2\/categories?post=174680"},{"taxonomy":"post_tag","embeddable":true,"href":"https:\/\/www.europesays.com\/pt\/wp-json\/wp\/v2\/tags?post=174680"}],"curies":[{"name":"wp","href":"https:\/\/api.w.org\/{rel}","templated":true}]}}