{"id":174715,"date":"2025-12-03T22:47:11","date_gmt":"2025-12-03T22:47:11","guid":{"rendered":"https:\/\/www.europesays.com\/pt\/174715\/"},"modified":"2025-12-03T22:47:11","modified_gmt":"2025-12-03T22:47:11","slug":"brasileiros-sao-destaque-em-lista-anual-da-architectural-digest-mexico-e-america-latina","status":"publish","type":"post","link":"https:\/\/www.europesays.com\/pt\/174715\/","title":{"rendered":"Brasileiros s\u00e3o destaque em lista anual da Architectural Digest M\u00e9xico e Am\u00e9rica Latina"},"content":{"rendered":"<p data-component-name=\"paragraph\" class=\"styles__ParagraphStyled-sc-6adecn-0 gsLklW  \">A nova lista anual da Architectural Digest M\u00e9xico e Am\u00e9rica Latina chegou com um feito raro: 21 brasileiros entre os 100 nomes que, segundo a revista, est\u00e3o redefinindo arquitetura, interiores e paisagismo no continente. \u00c9 o maior n\u00famero de brasileiros j\u00e1 indicado \u2014 e um sinal de que a produ\u00e7\u00e3o nacional segue ganhando terreno fora do Pa\u00eds.<\/p>\n<p><img  loading=\"lazy\" class=\"lazy-load-img\"\/><\/p>\n<p>Melina Romano, que recebeu a indica\u00e7\u00e3o como designer de interiores, celebra a escolha sem perder o p\u00e9 no ch\u00e3o.\u00a0Foto:  Leca Novo <\/p>\n<p> Entre eles, Melina Romano, que recebeu a indica\u00e7\u00e3o como designer de interiores, celebra a escolha sem perder o p\u00e9 no ch\u00e3o. \u201cReconhecimentos como este s\u00e3o consequ\u00eancia do caminho, n\u00e3o o destino\u201d, diz \u00e0 Coluna.<\/p>\n<p>Filha de professora de artes, formada em Floren\u00e7a, ela voltou ao Brasil num momento em que o mercado parecia dividido entre produ\u00e7\u00e3o industrial e design importado. \u201cFoi nesse intervalo que encontrei meu lugar: trabalhar com o que o Brasil tem de melhor\u201d, conta. <\/p>\n<p><img  loading=\"lazy\" class=\"lazy-load-img\"\/><\/p>\n<p>&#8216;Apartamento Olivar&#8217;, projeto pelo qual Melina Romano foi indicada \u00e0 lista. \u00a0Foto:  Den\u00edlson Machado<\/p>\n<p data-component-name=\"paragraph\" class=\"styles__ParagraphStyled-sc-6adecn-0 gsLklW  \">Para Melina, o destaque brasileiro na lista de 2026 mostra mais do que um bom momento. \u201c\u00c9 a prova da for\u00e7a de uma cria\u00e7\u00e3o que nasce de v\u00e1rias camadas \u2014 culturais, sociais, sensoriais.\u201d Uma leitura que ajuda a entender por que, l\u00e1 fora, o olhar est\u00e1 cada vez mais voltado para c\u00e1. <\/p>\n<p>Leia outras not\u00edcias na Coluna Alice Ferraz<\/p>\n","protected":false},"excerpt":{"rendered":"A nova lista anual da Architectural Digest M\u00e9xico e Am\u00e9rica Latina chegou com um feito raro: 21 brasileiros&hellip;\n","protected":false},"author":2,"featured_media":174716,"comment_status":"","ping_status":"","sticky":false,"template":"","format":"standard","meta":{"footnotes":""},"categories":[144],"tags":[207,205,206,203,201,202,204,114,115,32,33],"class_list":{"0":"post-174715","1":"post","2":"type-post","3":"status-publish","4":"format-standard","5":"has-post-thumbnail","7":"category-arte-e-design","8":"tag-arte","9":"tag-arte-e-design","10":"tag-artedesign","11":"tag-arts","12":"tag-arts-and-design","13":"tag-artsanddesign","14":"tag-design","15":"tag-entertainment","16":"tag-entretenimento","17":"tag-portugal","18":"tag-pt"},"share_on_mastodon":{"url":"https:\/\/pubeurope.com\/@pt\/115658073229609099","error":""},"_links":{"self":[{"href":"https:\/\/www.europesays.com\/pt\/wp-json\/wp\/v2\/posts\/174715","targetHints":{"allow":["GET"]}}],"collection":[{"href":"https:\/\/www.europesays.com\/pt\/wp-json\/wp\/v2\/posts"}],"about":[{"href":"https:\/\/www.europesays.com\/pt\/wp-json\/wp\/v2\/types\/post"}],"author":[{"embeddable":true,"href":"https:\/\/www.europesays.com\/pt\/wp-json\/wp\/v2\/users\/2"}],"replies":[{"embeddable":true,"href":"https:\/\/www.europesays.com\/pt\/wp-json\/wp\/v2\/comments?post=174715"}],"version-history":[{"count":0,"href":"https:\/\/www.europesays.com\/pt\/wp-json\/wp\/v2\/posts\/174715\/revisions"}],"wp:featuredmedia":[{"embeddable":true,"href":"https:\/\/www.europesays.com\/pt\/wp-json\/wp\/v2\/media\/174716"}],"wp:attachment":[{"href":"https:\/\/www.europesays.com\/pt\/wp-json\/wp\/v2\/media?parent=174715"}],"wp:term":[{"taxonomy":"category","embeddable":true,"href":"https:\/\/www.europesays.com\/pt\/wp-json\/wp\/v2\/categories?post=174715"},{"taxonomy":"post_tag","embeddable":true,"href":"https:\/\/www.europesays.com\/pt\/wp-json\/wp\/v2\/tags?post=174715"}],"curies":[{"name":"wp","href":"https:\/\/api.w.org\/{rel}","templated":true}]}}