{"id":174727,"date":"2025-12-03T22:58:14","date_gmt":"2025-12-03T22:58:14","guid":{"rendered":"https:\/\/www.europesays.com\/pt\/174727\/"},"modified":"2025-12-03T22:58:14","modified_gmt":"2025-12-03T22:58:14","slug":"mulher-de-20-anos-abusou-de-menor-de-13-que-conheceu-nas-redes-sociais","status":"publish","type":"post","link":"https:\/\/www.europesays.com\/pt\/174727\/","title":{"rendered":"Mulher de 20 anos abusou de menor de 13 que conheceu nas redes sociais"},"content":{"rendered":"<p>\t                V\u00edtima encontra-se &#8220;numa situa\u00e7\u00e3o de especial vulnerabilidade&#8221;<\/p>\n<p>Uma mulher de 20 anos foi detida por suspeita de abuso sexual de crian\u00e7as e pornografia de menores, sendo a v\u00edtima um menor de 13 anos que conheceu nas redes sociais.<\/p>\n<p>Em comunicado, a PJ adianta que os factos ocorreram na casa da suspeita em Loures, no distrito de Lisboa, no m\u00eas de novembro, ap\u00f3s um encontro de ambos na via p\u00fablica.<\/p>\n<p>\u201cDe referir que a v\u00edtima se encontra numa situa\u00e7\u00e3o de especial vulnerabilidade, tendo inclusive passado por uma institui\u00e7\u00e3o de acolhimento\u201d, \u00e9 referido na nota.<\/p>\n<p>A situa\u00e7\u00e3o, segundo a PJ, foi denunciada pela m\u00e3e do menor \u00e0 Pol\u00edcia de Seguran\u00e7a P\u00fablica (PSP) na sequ\u00eancia de absentismo escolar da v\u00edtima e de um per\u00edodo de desaparecimento.<\/p>\n<p>A mulher foi presente a primeiro interrogat\u00f3rio judicial tendo-lhe sido aplicadas as medidas de coa\u00e7\u00e3o de apresenta\u00e7\u00f5es semanais e proibi\u00e7\u00e3o de contactos com a v\u00edtima e a m\u00e3e.<\/p>\n","protected":false},"excerpt":{"rendered":"V\u00edtima encontra-se &#8220;numa situa\u00e7\u00e3o de especial vulnerabilidade&#8221; Uma mulher de 20 anos foi detida por suspeita de abuso&hellip;\n","protected":false},"author":2,"featured_media":164236,"comment_status":"","ping_status":"","sticky":false,"template":"","format":"standard","meta":{"footnotes":""},"categories":[10],"tags":[20177,609,836,611,27,28,607,608,333,832,604,135,610,476,15,16,301,830,14,603,25,26,570,21,22,831,833,62,834,12,13,19,20,835,602,2445,52,32,23,24,33,548,17,18,29,30,31],"class_list":{"0":"post-174727","1":"post","2":"type-post","3":"status-publish","4":"format-standard","5":"has-post-thumbnail","7":"category-portugal","8":"tag-abuso-sexual","9":"tag-alerta","10":"tag-analise","11":"tag-ao-minuto","12":"tag-breaking-news","13":"tag-breakingnews","14":"tag-cnn","15":"tag-cnn-portugal","16":"tag-comentadores","17":"tag-costa","18":"tag-crime","19":"tag-desporto","20":"tag-direto","21":"tag-economia","22":"tag-featured-news","23":"tag-featurednews","24":"tag-governo","25":"tag-guerra","26":"tag-headlines","27":"tag-justica","28":"tag-latest-news","29":"tag-latestnews","30":"tag-live","31":"tag-main-news","32":"tag-mainnews","33":"tag-mais-vistas","34":"tag-marcelo","35":"tag-mundo","36":"tag-negocios","37":"tag-news","38":"tag-noticias","39":"tag-noticias-principais","40":"tag-noticiasprincipais","41":"tag-opiniao","42":"tag-pais","43":"tag-policia-judiciaria","44":"tag-politica","45":"tag-portugal","46":"tag-principais-noticias","47":"tag-principaisnoticias","48":"tag-pt","49":"tag-redes-sociais","50":"tag-top-stories","51":"tag-topstories","52":"tag-ultimas","53":"tag-ultimas-noticias","54":"tag-ultimasnoticias"},"share_on_mastodon":{"url":"","error":"Validation failed: Text character limit of 500 exceeded"},"_links":{"self":[{"href":"https:\/\/www.europesays.com\/pt\/wp-json\/wp\/v2\/posts\/174727","targetHints":{"allow":["GET"]}}],"collection":[{"href":"https:\/\/www.europesays.com\/pt\/wp-json\/wp\/v2\/posts"}],"about":[{"href":"https:\/\/www.europesays.com\/pt\/wp-json\/wp\/v2\/types\/post"}],"author":[{"embeddable":true,"href":"https:\/\/www.europesays.com\/pt\/wp-json\/wp\/v2\/users\/2"}],"replies":[{"embeddable":true,"href":"https:\/\/www.europesays.com\/pt\/wp-json\/wp\/v2\/comments?post=174727"}],"version-history":[{"count":0,"href":"https:\/\/www.europesays.com\/pt\/wp-json\/wp\/v2\/posts\/174727\/revisions"}],"wp:featuredmedia":[{"embeddable":true,"href":"https:\/\/www.europesays.com\/pt\/wp-json\/wp\/v2\/media\/164236"}],"wp:attachment":[{"href":"https:\/\/www.europesays.com\/pt\/wp-json\/wp\/v2\/media?parent=174727"}],"wp:term":[{"taxonomy":"category","embeddable":true,"href":"https:\/\/www.europesays.com\/pt\/wp-json\/wp\/v2\/categories?post=174727"},{"taxonomy":"post_tag","embeddable":true,"href":"https:\/\/www.europesays.com\/pt\/wp-json\/wp\/v2\/tags?post=174727"}],"curies":[{"name":"wp","href":"https:\/\/api.w.org\/{rel}","templated":true}]}}