{"id":174742,"date":"2025-12-03T23:11:09","date_gmt":"2025-12-03T23:11:09","guid":{"rendered":"https:\/\/www.europesays.com\/pt\/174742\/"},"modified":"2025-12-03T23:11:09","modified_gmt":"2025-12-03T23:11:09","slug":"os-porsche-na-russia-deixaram-de-arrancar-de-um-dia-para-o-outro-donos-falam-em-sabotagem","status":"publish","type":"post","link":"https:\/\/www.europesays.com\/pt\/174742\/","title":{"rendered":"Os Porsche na R\u00fassia deixaram de arrancar de um dia para o outro: donos falam em sabotagem"},"content":{"rendered":"<p>Todos os cen\u00e1rios est\u00e3o a ser cogitados. H\u00e1 uma quest\u00e3o t\u00e9cnica que faz com que todos os modelos da Porsche de determinada \u00e9poca presentes na R\u00fassia tenham parado de um dia para o outro.<\/p>\n<p><a target=\"_blank\" href=\"https:\/\/pplware.sapo.pt\/wp-content\/uploads\/2025\/12\/porsche_russia00.webp\" rel=\"nofollow noopener\"><img fetchpriority=\"high\" decoding=\"async\" src=\"https:\/\/www.europesays.com\/pt\/wp-content\/uploads\/2025\/12\/porsche_russia00-720x404.webp.webp\" alt=\"\" width=\"720\" height=\"404\" class=\"aligncenter size-medium wp-image-1091586\"  \/><\/a><\/p>\n<p>Muitas marcas (para n\u00e3o dizer praticamente todas as europeias) <a target=\"_blank\" href=\"https:\/\/pplware.sapo.pt\/motores\/porsche-suspende-temporariamente-producao-do-taycan-devido-a-guerra-na-ucrania\/\" rel=\"nofollow noopener\">abandonaram<\/a> a R\u00fassia a n\u00edvel oficial depois de ter come\u00e7ado o conflito com a Ucr\u00e2nia.\u00a0Os seus cidad\u00e3os, em fun\u00e7\u00e3o do seu poder econ\u00f3mico, tiveram de resolver as suas necessidades de mobilidade de uma forma ou de outra (vendo-se muitos carros de fabrico local ou a chegada de carros chineses pela porta do cavalo).<\/p>\n<p>Os mais endinheirados, pelo contr\u00e1rio, decidiram comprar modelos da Porsche, tanto os de h\u00e1 uma d\u00e9cada como alguns mais recentes (dado que a Porsche deixou de fazer entregas \u00e0 R\u00fassia na sequ\u00eancia do conflito).<\/p>\n<p>Ora, na passada segunda-feira, 1 de dezembro, estes propriet\u00e1rios encontraram uma surpresa desagrad\u00e1vel: todos os Porsche do pa\u00eds deixaram de funcionar. Alguns deixaram de arrancar da noite para o dia, outros mesmo depois de terem funcionado at\u00e9 poucos minutos antes.<\/p>\n<p><a target=\"_blank\" href=\"https:\/\/pplware.sapo.pt\/wp-content\/uploads\/2025\/12\/porsche_russia01.webp\" rel=\"nofollow noopener\"><img loading=\"lazy\" decoding=\"async\" src=\"https:\/\/www.europesays.com\/pt\/wp-content\/uploads\/2025\/12\/porsche_russia01-720x404.webp.webp\" alt=\"\" width=\"720\" height=\"404\" class=\"aligncenter size-medium wp-image-1091584\"  \/><\/a><\/p>\n<p>Os Porsche deixam de funcionar na R\u00fassia<\/p>\n<p>Segundo o The Moscow Times, um representante de um concession\u00e1rio da marca alega que existe a possibilidade de isto ter acontecido de forma deliberada. Contudo, esta teoria n\u00e3o se baseia em nenhuma prova clara, enquanto a Porsche R\u00fassia ainda n\u00e3o fez declara\u00e7\u00f5es a este respeito, tal como n\u00e3o h\u00e1 declara\u00e7\u00f5es do quartel-general da marca em Estugarda.<\/p>\n<p>Mecanicamente, nas oficinas n\u00e3o encontraram qualquer problema. E este problema verificou-se em todos os modelos de 2013 em diante, sejam 911, Boxster, Cayman, Panamera, Cayenne ou Macan, os quais acabavam de estrear no mercado.<\/p>\n<p>H\u00e1 quem aponte tamb\u00e9m para os sistemas de alarme instalados nos carros do fabricante alem\u00e3o.<\/p>\n<p>Deixam de arrancar de um momento para o outro<\/p>\n<p>No caso de alguns clientes, chegaram mesmo a desligar o sistema de alarme do carro para o desativar. Existem relatos de alguns propriet\u00e1rios que conseguiram que o seu carro voltasse a arrancar depois de terem retirado a bateria durante pelo menos dez horas.<\/p>\n<p>No entanto, a causa mais plaus\u00edvel est\u00e1 do outro lado\u2026 <strong>mais precisamente no c\u00e9u<\/strong>.<\/p>\n<p>\u00c9 que \u00e9 muito prov\u00e1vel que o problema esteja no sistema VTS (<a target=\"_blank\" href=\"https:\/\/en.porsche-vts.nl\/porsche-vts\/\" rel=\"nofollow noopener\">Vehicle Tracking System<\/a>). Trata-se de um sistema por sat\u00e9lite atrav\u00e9s do qual o carro est\u00e1 sempre geolocalizado, muito \u00fatil em casos de roubo e conveniente dado que \u00e9 um carro muito desejado por indiv\u00edduos de m\u00e3os excessivamente longas.<\/p>\n<blockquote class=\"tw-align-center twitter-tweet\">\n<p lang=\"en\" dir=\"ltr\">Porsches are no longer running in Russia.\ud83d\ude02\ud83d\ude02\ud83d\ude02<\/p>\n<p>Many exclusive German cars across Russia have become &#8220;pumpkins.&#8221; The standard alarm system disables the engines of the Cayenne, Macan, and Panamera models. Porsche owners are complaining en masse on social media. <\/p>\n<p>The cars are\u2026 <a target=\"_blank\" href=\"https:\/\/t.co\/o6IOzofVU6\" rel=\"nofollow\">pic.twitter.com\/o6IOzofVU6<\/a><\/p>\n<p>\u2014 J\u00fcrgen Nauditt \ud83c\udde9\ud83c\uddea\ud83c\uddfa\ud83c\udde6 (@jurgen_nauditt) <a target=\"_blank\" href=\"https:\/\/twitter.com\/jurgen_nauditt\/status\/1995776361332461903?ref_src=twsrc%5Etfw\" rel=\"nofollow noopener\">December 2, 2025<\/a><\/p>\n<\/blockquote>\n<p>O VTS \u00e9 a causa mais prov\u00e1vel<\/p>\n<p>A quest\u00e3o est\u00e1 no facto de que, se o sistema VTS perde o sinal de sat\u00e9lite, ativa o sistema que imobiliza o motor e o carro deixa de funcionar de imediato. Um dos ind\u00edcios \u00e9 que afetou todos os modelos que se encontram em territ\u00f3rio russo, independentemente do tipo de motor que equipassem.<\/p>\n<p>Alguns destes Porsche continuam sem arrancar, embora alguns tenham conseguido voltar a funcionar depois de desligar o VTS e voltar a lig\u00e1-lo, mas sem ativar a fun\u00e7\u00e3o por sat\u00e9lite. Para j\u00e1, dezenas de modelos do fabricante est\u00e3o a acumular-se nas oficinas \u00e0 procura de uma solu\u00e7\u00e3o.<\/p>\n<p>Um caso involunt\u00e1rio, mas que cria receios<\/p>\n<p>Ent\u00e3o, por que raz\u00e3o falhou o VTS? Na aus\u00eancia de informa\u00e7\u00e3o oficial da marca, acredita-se que tenha ocorrido algum tipo de interfer\u00eancia satelital entre a R\u00fassia e o VTS, sendo os clientes da marca os que sofreram os efeitos colaterais. E isto cria precedente, n\u00e3o apenas para o Grupo Volkswagen no seu conjunto.<\/p>\n<p>N\u00e3o h\u00e1 muito tempo surgiu o receio de que um fabricante que pudesse monitorizar o estado das baterias ou do software dos modelos pudesse manipul\u00e1-los ou deslig\u00e1-los, em particular ap\u00f3s estudos na Noruega e no Reino Unido sobre ve\u00edculos chineses. Neste caso surge um exemplo real, ainda que quase certamente involunt\u00e1rio.<\/p>\n<p>\t\t\t\t\t\t<script async src=\"https:\/\/platform.twitter.com\/widgets.js\" charset=\"utf-8\"><\/script><\/p>\n","protected":false},"excerpt":{"rendered":"Todos os cen\u00e1rios est\u00e3o a ser cogitados. H\u00e1 uma quest\u00e3o t\u00e9cnica que faz com que todos os modelos&hellip;\n","protected":false},"author":2,"featured_media":174743,"comment_status":"","ping_status":"","sticky":false,"template":"","format":"standard","meta":{"footnotes":""},"categories":[83],"tags":[88,89,90,4311,32,33,839,840],"class_list":{"0":"post-174742","1":"post","2":"type-post","3":"status-publish","4":"format-standard","5":"has-post-thumbnail","7":"category-empresas","8":"tag-business","9":"tag-economy","10":"tag-empresas","11":"tag-porsche","12":"tag-portugal","13":"tag-pt","14":"tag-russia","15":"tag-ucrania"},"share_on_mastodon":{"url":"https:\/\/pubeurope.com\/@pt\/115658168055779390","error":""},"_links":{"self":[{"href":"https:\/\/www.europesays.com\/pt\/wp-json\/wp\/v2\/posts\/174742","targetHints":{"allow":["GET"]}}],"collection":[{"href":"https:\/\/www.europesays.com\/pt\/wp-json\/wp\/v2\/posts"}],"about":[{"href":"https:\/\/www.europesays.com\/pt\/wp-json\/wp\/v2\/types\/post"}],"author":[{"embeddable":true,"href":"https:\/\/www.europesays.com\/pt\/wp-json\/wp\/v2\/users\/2"}],"replies":[{"embeddable":true,"href":"https:\/\/www.europesays.com\/pt\/wp-json\/wp\/v2\/comments?post=174742"}],"version-history":[{"count":0,"href":"https:\/\/www.europesays.com\/pt\/wp-json\/wp\/v2\/posts\/174742\/revisions"}],"wp:featuredmedia":[{"embeddable":true,"href":"https:\/\/www.europesays.com\/pt\/wp-json\/wp\/v2\/media\/174743"}],"wp:attachment":[{"href":"https:\/\/www.europesays.com\/pt\/wp-json\/wp\/v2\/media?parent=174742"}],"wp:term":[{"taxonomy":"category","embeddable":true,"href":"https:\/\/www.europesays.com\/pt\/wp-json\/wp\/v2\/categories?post=174742"},{"taxonomy":"post_tag","embeddable":true,"href":"https:\/\/www.europesays.com\/pt\/wp-json\/wp\/v2\/tags?post=174742"}],"curies":[{"name":"wp","href":"https:\/\/api.w.org\/{rel}","templated":true}]}}