{"id":174761,"date":"2025-12-03T23:42:20","date_gmt":"2025-12-03T23:42:20","guid":{"rendered":"https:\/\/www.europesays.com\/pt\/174761\/"},"modified":"2025-12-03T23:42:20","modified_gmt":"2025-12-03T23:42:20","slug":"o-verao-esta-chegando-peoes-viajam-para-a-praia-na-prova-do-fazendeiro-desta-quarta-3-record","status":"publish","type":"post","link":"https:\/\/www.europesays.com\/pt\/174761\/","title":{"rendered":"O ver\u00e3o est\u00e1 chegando! Pe\u00f5es \u2018viajam para a praia\u2019 na Prova do Fazendeiro desta quarta (3) \u2013 Record"},"content":{"rendered":"<p><img decoding=\"async\" data-chromatic=\"ignore\" alt=\"\" class=\"c-image\" loading=\"lazy\" src=\"https:\/\/www.europesays.com\/pt\/wp-content\/uploads\/2025\/12\/6AW5OSGSTBDEPHIFINMCDEPBOQ.png\"  width=\"677\" height=\"339\"\/>Galisteu comanda o desafio no programa ao vivo Reprodu\u00e7\u00e3o\/Instagram <\/p>\n<p class=\"jarvics:base-text-neutral-high-400 base-text-[calc(theme(fontSize.xs)_*_var(--font-size,_1))] base-font-normal base-font-primary base-text-neutral-low-500 base-text-left\"><a href=\"https:\/\/record.r7.com\/a-fazenda\/a-fazenda-17\/\" target=\"_self\" rel=\"nofollow noopener\" title=\"https:\/\/record.r7.com\/a-fazenda\/a-fazenda-17\/\"><b>A Fazenda 17<\/b><\/a> est\u00e1 na reta final e vale tudo para continuar na competi\u00e7\u00e3o e, melhor ainda, garantir o chap\u00e9u de Fazendeiro nesse momento crucial do jogo. Nesta quarta (3), ao vivo, <a href=\"https:\/\/record.r7.com\/a-fazenda\/a-fazenda-17\/peoes\/dudu-camargo\" target=\"_self\" rel=\"nofollow noopener\" title=\"https:\/\/record.r7.com\/a-fazenda\/a-fazenda-17\/peoes\/dudu-camargo\"><b>Dudu Camargo<\/b><\/a>, <a href=\"https:\/\/record.r7.com\/a-fazenda\/a-fazenda-17\/peoes\/saory-cardoso\" target=\"_self\" rel=\"nofollow noopener\" title=\"https:\/\/record.r7.com\/a-fazenda\/a-fazenda-17\/peoes\/saory-cardoso\"><b>Saory Cardoso<\/b><\/a> e <a href=\"https:\/\/record.r7.com\/a-fazenda\/a-fazenda-17\/peoes\/tamires-assis\" target=\"_self\" rel=\"nofollow noopener\" title=\"https:\/\/record.r7.com\/a-fazenda\/a-fazenda-17\/peoes\/tamires-assis\"><b>T\u00e0mires Ass\u00ees<\/b><\/a> encaram um desafio que mistura estrat\u00e9gia e sorte.<\/p>\n<ul class=\"b-article-body__list-unordered\">\n<li><b>Quer ficar por dentro de tudo que est\u00e1 acontecendo em\u00a0<\/b><b>A Fazenda 17<\/b><b>?\u00a0<\/b><a href=\"https:\/\/www.whatsapp.com\/channel\/0029Va2cJIR1noz2ahzX0D1N\" rel=\"nofollow noopener\" title=\"https:\/\/www.whatsapp.com\/channel\/0029Va2cJIR1noz2ahzX0D1N\" target=\"_blank\"><b>Clique aqui<\/b><\/a><b>\u00a0e fa\u00e7a parte do nosso canal no WhatsApp!<\/b><\/li>\n<\/ul>\n<p class=\"jarvics:base-text-neutral-high-400 base-text-[calc(theme(fontSize.xs)_*_var(--font-size,_1))] base-font-normal base-font-primary base-text-neutral-low-500 base-text-left\">Os tr\u00eas pe\u00f5es embarcam numa jornada super divertida que transforma o campo de provas num gigantesco tabuleiro de fuga para o ver\u00e3o, que est\u00e1 prestes a chegar em Itapecerica das Chamas! <\/p>\n<p class=\"jarvics:base-text-neutral-high-400 base-text-[calc(theme(fontSize.xs)_*_var(--font-size,_1))] base-font-normal base-font-primary base-text-neutral-low-500 base-text-left\">O come\u00e7o do trajeto \u00e9 ilustrado pelo cinza do escrit\u00f3rio, ganha cores a bordo de um \u201cbus\u00e3o\u201d cor de rosa e termina no t\u00e3o sonhado destino: uma praia ensolarada.<\/p>\n<p class=\"jarvics:base-text-neutral-high-400 base-text-[calc(theme(fontSize.xs)_*_var(--font-size,_1))] base-font-normal base-font-primary base-text-neutral-low-500 base-text-left\">A cada rodada, os Roceiros lan\u00e7am um dado gigante e avan\u00e7am com seus \u00f4nibus por um tabuleiro cheio de altos e baixos. <\/p>\n<p class=\"jarvics:base-text-neutral-high-400 base-text-[calc(theme(fontSize.xs)_*_var(--font-size,_1))] base-font-normal base-font-primary base-text-neutral-low-500 base-text-left\">Durante o percurso, eles podem ganhar vantagens e avan\u00e7ar no jogo, ficar parados no mesmo lugar ou encarar reveses t\u00edpicos de quem ainda n\u00e3o conseguiu escapar do dia a dia. <\/p>\n<p class=\"jarvics:base-text-neutral-high-400 base-text-[calc(theme(fontSize.xs)_*_var(--font-size,_1))] base-font-normal base-font-primary base-text-neutral-low-500 base-text-left\">Quem chegar primeiro com o seu \u00f4nibus rosa a t\u00e3o sonhada praia \u00e9 o mais novo Fazendeiro. Os dois pe\u00f5es que perderem se juntam a <a href=\"https:\/\/record.r7.com\/a-fazenda\/a-fazenda-17\/peoes\/luiz-mesquita\" target=\"_self\" rel=\"nofollow noopener\" title=\"https:\/\/record.r7.com\/a-fazenda\/a-fazenda-17\/peoes\/luiz-mesquita\"><b>Luiz Mesquita<\/b><\/a>, que j\u00e1 est\u00e1 na Ro\u00e7a.<\/p>\n<p class=\"jarvics:base-text-neutral-high-400 base-text-[calc(theme(fontSize.xs)_*_var(--font-size,_1))] base-font-normal base-font-primary base-text-neutral-low-500 base-text-left\">Fique ligado! <a href=\"https:\/\/record.r7.com\/a-fazenda\/a-fazenda-17\/\" rel=\"nofollow noopener\" title=\"https:\/\/record.r7.com\/a-fazenda\/a-fazenda-17\/\" target=\"_blank\"><b>A Fazenda 17<\/b><\/a> vai ao ar de segunda a domingo, \u00e0s 22h30, na tela da <a href=\"https:\/\/record.r7.com\/\" rel=\"nofollow noopener\" target=\"_blank\"><b>RECORD<\/b><\/a>. Assine o <a href=\"https:\/\/www.recordplus.com\/home\" rel=\"nofollow noopener\" title=\"https:\/\/www.recordplus.com\/home\" target=\"_blank\"><b>RecordPlus<\/b><\/a> e tenha acesso \u00e0s c\u00e2meras 24 horas.<\/p>\n<p><b>Caos em A Fazenda! Produ\u00e7\u00e3o adverte pe\u00f5es sobre comportamentos inadequados ap\u00f3s sequ\u00eancia de tretas pesadas<\/b><\/p>\n<p class=\"jarvics:base-text-neutral-high-400 base-text-[calc(theme(fontSize.xxs)_*_var(--font-size,_1))] base-font-semibold base-font-primary base-text-neutral-low-500 base-text-left\">Mais um pe\u00e3o est\u00e1 prestes a deixar A Fazenda 17 em plena reta final e a d\u00e9cima primeira forma\u00e7\u00e3o de Ro\u00e7a da temporada agitou a competi\u00e7\u00e3o de jeito. Ap\u00f3s incendiar o feno no deck, a pe\u00e3ozada levou as tretas para a sede e s\u00f3 deram tr\u00e9gua quando a produ\u00e7\u00e3o interviu; se liga!<\/p>\n<p class=\"jarvics:base-text-neutral-high-400 base-text-[calc(theme(fontSize.little)_*_var(--font-size,_1))] base-font-normal base-font-primary base-text-neutral-low-500 base-text-left\">Reprodu\u00e7\u00e3o\/RecordPlus<\/p>\n","protected":false},"excerpt":{"rendered":"Galisteu comanda o desafio no programa ao vivo Reprodu\u00e7\u00e3o\/Instagram A Fazenda 17 est\u00e1 na reta final e vale&hellip;\n","protected":false},"author":2,"featured_media":174762,"comment_status":"","ping_status":"","sticky":false,"template":"","format":"standard","meta":{"footnotes":""},"categories":[142],"tags":[657,20035,114,115,32,22718,33,21259,24066,151],"class_list":{"0":"post-174761","1":"post","2":"type-post","3":"status-publish","4":"format-standard","5":"has-post-thumbnail","7":"category-tv","8":"tag-a-fazenda","9":"tag-dudu-camargo","10":"tag-entertainment","11":"tag-entretenimento","12":"tag-portugal","13":"tag-prova-do-fazendeiro","14":"tag-pt","15":"tag-saory-cardoso","16":"tag-tamires-assis","17":"tag-tv"},"share_on_mastodon":{"url":"https:\/\/pubeurope.com\/@pt\/115658289992225553","error":""},"_links":{"self":[{"href":"https:\/\/www.europesays.com\/pt\/wp-json\/wp\/v2\/posts\/174761","targetHints":{"allow":["GET"]}}],"collection":[{"href":"https:\/\/www.europesays.com\/pt\/wp-json\/wp\/v2\/posts"}],"about":[{"href":"https:\/\/www.europesays.com\/pt\/wp-json\/wp\/v2\/types\/post"}],"author":[{"embeddable":true,"href":"https:\/\/www.europesays.com\/pt\/wp-json\/wp\/v2\/users\/2"}],"replies":[{"embeddable":true,"href":"https:\/\/www.europesays.com\/pt\/wp-json\/wp\/v2\/comments?post=174761"}],"version-history":[{"count":0,"href":"https:\/\/www.europesays.com\/pt\/wp-json\/wp\/v2\/posts\/174761\/revisions"}],"wp:featuredmedia":[{"embeddable":true,"href":"https:\/\/www.europesays.com\/pt\/wp-json\/wp\/v2\/media\/174762"}],"wp:attachment":[{"href":"https:\/\/www.europesays.com\/pt\/wp-json\/wp\/v2\/media?parent=174761"}],"wp:term":[{"taxonomy":"category","embeddable":true,"href":"https:\/\/www.europesays.com\/pt\/wp-json\/wp\/v2\/categories?post=174761"},{"taxonomy":"post_tag","embeddable":true,"href":"https:\/\/www.europesays.com\/pt\/wp-json\/wp\/v2\/tags?post=174761"}],"curies":[{"name":"wp","href":"https:\/\/api.w.org\/{rel}","templated":true}]}}