{"id":174781,"date":"2025-12-04T00:04:21","date_gmt":"2025-12-04T00:04:21","guid":{"rendered":"https:\/\/www.europesays.com\/pt\/174781\/"},"modified":"2025-12-04T00:04:21","modified_gmt":"2025-12-04T00:04:21","slug":"retomam-as-buscas-pelo-voo-da-malaysia-airlines-que-desapareceu-com-239-pessoas","status":"publish","type":"post","link":"https:\/\/www.europesays.com\/pt\/174781\/","title":{"rendered":"Retomam as buscas pelo voo da Malaysia Airlines que desapareceu com 239 pessoas"},"content":{"rendered":"<p data-remotead-prev-elm=\"true\" data-remotead-elm-id=\"inread\">Segundo avan\u00e7a o &#8220;The Guardian&#8221;, Anthony Loke confirmou que as buscas seriam retomadas no final deste m\u00eas, afirmando que a empresa norte-americana de rob\u00f3tica Ocean Infinity vai retomar a procura durante 55 dias, de forma intermitente, &#8220;numa \u00e1rea espec\u00edfica avaliada como tendo a maior probabilidade de localizar a aeronave&#8221;.<\/p>\n<p>No ano passado, o Governo da Mal\u00e1sia afirmou estar disposto a abrir uma nova investiga\u00e7\u00e3o caso surgissem novas informa\u00e7\u00f5es sobre o desaparecimento do avi\u00e3o e chegou a acordo com a Ocean Infinity. Segundo o ministro dos Transportes, o Executivo apenas vai pagar \u00e0 empresa norte-americana os 70 milh\u00f5es de d\u00f3lares (cerca de 60 milh\u00f5es de euros) acordados se esta encontrar o avi\u00e3o.<\/p>\n<p>\u00c0 AFP, o ministro dos Transportes revela que esta decis\u00e3o est\u00e1 relacionada com a esta\u00e7\u00e3o do ano, &#8220;que \u00e9 favor\u00e1vel&#8221;. As buscas j\u00e1 tinham sido <a href=\"https:\/\/www.jn.pt\/mundo\/artigo\/malasia-interrompe-buscas-por-aviao-desaparecido-em-2014-com-239-pessoas\/17770971\" target=\"_blank\" rel=\"nofollow noopener\">suspensas em abril<\/a> devido \u00e0s mudan\u00e7as clim\u00e1ticas.<\/p>\n<p data-remotead-prev-elm=\"true\" data-remotead-elm-id=\"centro1\">Em comunicado, o Kuala Lumpur tamb\u00e9m confirmou que &#8220;as buscas em \u00e1guas profundas pelos destro\u00e7os desaparecidos do voo MH370 da Malaysia Airlines ser\u00e3o retomadas a 30 de dezembro de 2025&#8221;.<\/p>\n<p>O mist\u00e9rio do MH370<\/p>\n<p>O Boeing 777 com 239 pessoas desapareceu dos radares cerca de 40 minutos ap\u00f3s descolar, durante um voo de rotina de Kuala Lumpur para Pequim, e tornou-se um dos maiores mist\u00e9rios da avia\u00e7\u00e3o. A bordo encontravam-se 153 chineses, 50 malaios (12 dos quais faziam parte da tripula\u00e7\u00e3o), sete indon\u00e9sios, seis australianos, cinco indianos, quatro franceses, tr\u00eas americanos, dois neozelandeses, dois ucranianos, dois canadianos, dois iranianos, um russo, um holand\u00eas e um taiwan\u00eas.<\/p>\n<p>Um relat\u00f3rio final sobre o caso, com quase 500 p\u00e1ginas, divulgado em 2018, apontou falhas no controlo do tr\u00e1fego a\u00e9reo e afirmou que a rota do avi\u00e3o foi alterada manualmente. De acordo com os investigadores, ainda n\u00e3o tinha sido descoberta a raz\u00e3o do desaparecimento, mas n\u00e3o foi descartada a hip\u00f3tese de um dos pilotos ter desviado a aeronave.<\/p>\n<p data-remotead-prev-elm=\"true\" data-remotead-elm-id=\"centro2\">Os familiares e amigos dos passageiros desaparecidos continuam a pedir respostas ao Governo. Num protesto em mar\u00e7o deste ano, juntaram-se v\u00e1rios manifestantes \u00e0 porta dos escrit\u00f3rios do Executivo chin\u00eas e da Embaixada da Mal\u00e1sia na China a pedir para lhes serem &#8220;devolvidos os entes queridos&#8221;. Alguns seguravam cartazes com a pergunta: &#8220;Quando terminar\u00e3o estes onze anos de espera e tormento?&#8221;<\/p>\n<p>Jiang Hui, cuja m\u00e3e estava no avi\u00e3o, afirmou agora que foi anunciada a retoma das buscas que a sua fam\u00edlia &#8220;se congratula com a continua\u00e7\u00e3o das buscas pelo governo malaio e pela Ocean Infinity&#8221;.<\/p>\n<p>Danica Weeks, mulher de Paul, um cidad\u00e3o australiano que estava a bordo do avi\u00e3o, recebeu com satisfa\u00e7\u00e3o a not\u00edcia das novas buscas, admitindo que estava &#8220;incrivelmente grata e aliviada pelo facto de o governo da Mal\u00e1sia ter se comprometido a continuar&#8221;.<\/p>\n<p data-remotead-prev-elm=\"true\" data-remotead-elm-id=\"centro3\">&#8220;Nunca deix\u00e1mos de querer respostas, e saber que as buscas v\u00e3o continuar traz-nos uma sensa\u00e7\u00e3o de conforto. Espero sinceramente que esta pr\u00f3xima fase nos traga a clareza e a paz que tanto ansiamos, para n\u00f3s e para os nossos entes queridos, desde 8 de mar\u00e7o de 2014&#8221;, acrescentou Weeks.<\/p>\n<p>O Minist\u00e9rio da Mal\u00e1sia afirmou que estas novas buscas refor\u00e7am o seu compromisso em &#8220;proporcionar encerramento \u00e0s fam\u00edlias afetadas pela trag\u00e9dia&#8221;.<\/p>\n","protected":false},"excerpt":{"rendered":"Segundo avan\u00e7a o &#8220;The Guardian&#8221;, Anthony Loke confirmou que as buscas seriam retomadas no final deste m\u00eas, afirmando&hellip;\n","protected":false},"author":2,"featured_media":174782,"comment_status":"","ping_status":"","sticky":false,"template":"","format":"standard","meta":{"footnotes":""},"categories":[50],"tags":[324,27,28,21158,15,16,14,25,26,21,22,1716,62,12,13,19,20,23,24,17,18,29,30,31,63,64,65],"class_list":{"0":"post-174781","1":"post","2":"type-post","3":"status-publish","4":"format-standard","5":"has-post-thumbnail","7":"category-mundo","8":"tag-aviao","9":"tag-breaking-news","10":"tag-breakingnews","11":"tag-desaparecimento","12":"tag-featured-news","13":"tag-featurednews","14":"tag-headlines","15":"tag-latest-news","16":"tag-latestnews","17":"tag-main-news","18":"tag-mainnews","19":"tag-malasia","20":"tag-mundo","21":"tag-news","22":"tag-noticias","23":"tag-noticias-principais","24":"tag-noticiasprincipais","25":"tag-principais-noticias","26":"tag-principaisnoticias","27":"tag-top-stories","28":"tag-topstories","29":"tag-ultimas","30":"tag-ultimas-noticias","31":"tag-ultimasnoticias","32":"tag-world","33":"tag-world-news","34":"tag-worldnews"},"share_on_mastodon":{"url":"https:\/\/pubeurope.com\/@pt\/115658376057911518","error":""},"_links":{"self":[{"href":"https:\/\/www.europesays.com\/pt\/wp-json\/wp\/v2\/posts\/174781","targetHints":{"allow":["GET"]}}],"collection":[{"href":"https:\/\/www.europesays.com\/pt\/wp-json\/wp\/v2\/posts"}],"about":[{"href":"https:\/\/www.europesays.com\/pt\/wp-json\/wp\/v2\/types\/post"}],"author":[{"embeddable":true,"href":"https:\/\/www.europesays.com\/pt\/wp-json\/wp\/v2\/users\/2"}],"replies":[{"embeddable":true,"href":"https:\/\/www.europesays.com\/pt\/wp-json\/wp\/v2\/comments?post=174781"}],"version-history":[{"count":0,"href":"https:\/\/www.europesays.com\/pt\/wp-json\/wp\/v2\/posts\/174781\/revisions"}],"wp:featuredmedia":[{"embeddable":true,"href":"https:\/\/www.europesays.com\/pt\/wp-json\/wp\/v2\/media\/174782"}],"wp:attachment":[{"href":"https:\/\/www.europesays.com\/pt\/wp-json\/wp\/v2\/media?parent=174781"}],"wp:term":[{"taxonomy":"category","embeddable":true,"href":"https:\/\/www.europesays.com\/pt\/wp-json\/wp\/v2\/categories?post=174781"},{"taxonomy":"post_tag","embeddable":true,"href":"https:\/\/www.europesays.com\/pt\/wp-json\/wp\/v2\/tags?post=174781"}],"curies":[{"name":"wp","href":"https:\/\/api.w.org\/{rel}","templated":true}]}}