{"id":174787,"date":"2025-12-04T00:10:12","date_gmt":"2025-12-04T00:10:12","guid":{"rendered":"https:\/\/www.europesays.com\/pt\/174787\/"},"modified":"2025-12-04T00:10:12","modified_gmt":"2025-12-04T00:10:12","slug":"depois-do-especial-marisa-perde-as-estribeiras-com-bruna-que-falta-de-respeito-secret-story","status":"publish","type":"post","link":"https:\/\/www.europesays.com\/pt\/174787\/","title":{"rendered":"Depois do Especial, Marisa perde as estribeiras com Bruna: \u00abQue falta de respeito!\u00bb &#8211; Secret Story"},"content":{"rendered":"<p>No Secret Story 9, assim que o Especial acaba, Marisa perde as estribeiras com Bruna devido \u00e0s palavras que ouviu.\u00a0<\/p>\n<p><strong>Esta semana, quatro concorrentes est\u00e3o nomeados e em risco de expuls\u00e3o. Pode votar na APP oficial do TVI reality ou atrav\u00e9s das linhas telef\u00f3nicas.<\/strong><\/p>\n<p>VOTE PARA SALVAR:<\/p>\n<p>BRUNA \u00a0\u2013 \u00a0761 20 20 03<br \/>LILIANA \u00a0\u2013 \u00a0761 20 20 14<br \/>MARISA \u00a0\u2013 \u00a0761 20 20 16<br \/>PEDRO \u00a0\u2013 \u00a0761 20 20 18<\/p>\n<p><a href=\"https:\/\/tvi.iol.pt\/secretstory\/aominuto\" rel=\"nofollow noopener\" target=\"_blank\">Acompanhe aqui tudo o que se passa no Secret Story 9<\/a><\/p>\n","protected":false},"excerpt":{"rendered":"No Secret Story 9, assim que o Especial acaba, Marisa perde as estribeiras com Bruna devido \u00e0s palavras&hellip;\n","protected":false},"author":2,"featured_media":174788,"comment_status":"","ping_status":"","sticky":false,"template":"","format":"standard","meta":{"footnotes":""},"categories":[142],"tags":[1997,19374,19373,114,115,19184,19375,32,33,151],"class_list":{"0":"post-174787","1":"post","2":"type-post","3":"status-publish","4":"format-standard","5":"has-post-thumbnail","7":"category-tv","8":"tag-bruna","9":"tag-confrontos-concorrentes","10":"tag-discussoes-secret-story","11":"tag-entertainment","12":"tag-entretenimento","13":"tag-marisa","14":"tag-polemicas","15":"tag-portugal","16":"tag-pt","17":"tag-tv"},"share_on_mastodon":{"url":"https:\/\/pubeurope.com\/@pt\/115658399597968051","error":""},"_links":{"self":[{"href":"https:\/\/www.europesays.com\/pt\/wp-json\/wp\/v2\/posts\/174787","targetHints":{"allow":["GET"]}}],"collection":[{"href":"https:\/\/www.europesays.com\/pt\/wp-json\/wp\/v2\/posts"}],"about":[{"href":"https:\/\/www.europesays.com\/pt\/wp-json\/wp\/v2\/types\/post"}],"author":[{"embeddable":true,"href":"https:\/\/www.europesays.com\/pt\/wp-json\/wp\/v2\/users\/2"}],"replies":[{"embeddable":true,"href":"https:\/\/www.europesays.com\/pt\/wp-json\/wp\/v2\/comments?post=174787"}],"version-history":[{"count":0,"href":"https:\/\/www.europesays.com\/pt\/wp-json\/wp\/v2\/posts\/174787\/revisions"}],"wp:featuredmedia":[{"embeddable":true,"href":"https:\/\/www.europesays.com\/pt\/wp-json\/wp\/v2\/media\/174788"}],"wp:attachment":[{"href":"https:\/\/www.europesays.com\/pt\/wp-json\/wp\/v2\/media?parent=174787"}],"wp:term":[{"taxonomy":"category","embeddable":true,"href":"https:\/\/www.europesays.com\/pt\/wp-json\/wp\/v2\/categories?post=174787"},{"taxonomy":"post_tag","embeddable":true,"href":"https:\/\/www.europesays.com\/pt\/wp-json\/wp\/v2\/tags?post=174787"}],"curies":[{"name":"wp","href":"https:\/\/api.w.org\/{rel}","templated":true}]}}